{"id":6968,"date":"2023-10-19T22:36:09","date_gmt":"2023-10-20T03:36:09","guid":{"rendered":"https:\/\/westrockcoffee.wpenginepowered.com\/destaque-da-etiopia-em-outubro-de-2023\/"},"modified":"2025-05-20T01:53:34","modified_gmt":"2025-05-20T06:53:34","slug":"destaque-da-etiopia-em-outubro-de-2023","status":"publish","type":"post","link":"https:\/\/www.westrockcoffee.com\/pt-pt\/destaque-da-etiopia-em-outubro-de-2023\/","title":{"rendered":"Destaque da Eti\u00f3pia em outubro de 2023"},"content":{"rendered":"\n<p>Considerada o ber\u00e7o do caf\u00e9, a Eti\u00f3pia tem uma longa e rica hist\u00f3ria repleta de lendas, cultura e, claro, um delicioso caf\u00e9. Diz-se que a viagem do caf\u00e9 na Eti\u00f3pia come\u00e7ou no s\u00e9culo <sup data-mce-fragment=\"1\">IX<\/sup>, quando um pastor de cabras et\u00edope notou hiperatividade nas suas cabras ap\u00f3s as cerejas de caf\u00e9. Dizem que a partir desse momento o consumo e a cultura do caf\u00e9 se espalharam pelo mundo.  <\/p>\n\n<figure class=\"wp-block-image\"><img decoding=\"async\" src=\"https:\/\/www.westrockcoffee.com\/wp-content\/uploads\/2024\/09\/ethiopia-main_600x600.jpg\" alt=\"\"\/><\/figure>\n\n<p>Sendo a lend\u00e1ria origem da planta do caf\u00e9, a Eti\u00f3pia \u00e9 um pa\u00eds repleto de deliciosas variedades e diversas regi\u00f5es de cultivo. Localizada no Corno de \u00c1frica, a Eti\u00f3pia cont\u00e9m mais de 1.000 montanhas e alberga diversas condi\u00e7\u00f5es clim\u00e1ticas. A grande varia\u00e7\u00e3o de altitude e temperaturas influencia de forma \u00fanica o sabor do caf\u00e9 cultivado em cada regi\u00e3o. Esta variedade de sabores \u00e9 um elemento de destaque que faz do caf\u00e9 et\u00edope o favorito entre muitos apreciadores de caf\u00e9.   <\/p>\n\n<p>Um pouco \u00fanico para um pa\u00eds produtor de caf\u00e9, o mercado interno da Eti\u00f3pia consome cerca de metade do caf\u00e9 produzido no pa\u00eds. Isto deve-se ao consumo di\u00e1rio de caf\u00e9 por parte de muitos cidad\u00e3os et\u00edopes, que consideram o caf\u00e9 parte integrante do estilo de vida et\u00edope. A cultura do caf\u00e9 \u00e9 uma componente rica do estilo de vida et\u00edope, sendo as cerim\u00f3nias do caf\u00e9 uma pr\u00e1tica comum. As cerim\u00f3nias do caf\u00e9 s\u00e3o uma ocorr\u00eancia di\u00e1ria em que, normalmente, as mulheres da casa torram, moem e preparam cuidadosamente o caf\u00e9 para os seus familiares, amigos e convidados. O caf\u00e9 \u00e9 tradicionalmente torrado e preparado em fogo aberto e mo\u00eddo \u00e0 m\u00e3o com um almofariz, o que requer tempo e cuidado para produzir cada ch\u00e1vena de caf\u00e9.    <\/p>\n\n<figure class=\"wp-block-image size-full\"><img loading=\"lazy\" decoding=\"async\" width=\"600\" height=\"400\" src=\"https:\/\/www.westrockcoffee.com\/wp-content\/uploads\/2024\/09\/ethiopia-woman_600x600.jpg\" alt=\"\" class=\"wp-image-880\" srcset=\"https:\/\/www.westrockcoffee.com\/wp-content\/uploads\/2024\/09\/ethiopia-woman_600x600.jpg 600w, https:\/\/www.westrockcoffee.com\/wp-content\/uploads\/2024\/09\/ethiopia-woman_600x600-300x200.jpg 300w\" sizes=\"auto, (max-width: 600px) 100vw, 600px\" \/><\/figure>\n\n<p>Embora muitos de n\u00f3s nunca tenhamos o privil\u00e9gio de participar numa cerim\u00f3nia do caf\u00e9 et\u00edope, temos acesso a tudo o que o caf\u00e9 et\u00edope tem para oferecer. Na Westrock, os nossos especialistas internos em sabores caracterizam o caf\u00e9 et\u00edope como tipicamente de corpo leve a m\u00e9dio, com uma acidez pronunciada e agrad\u00e1vel. A nossa equipa encontra frequentemente notas de frutos vermelhos, geralmente mirtilos, o que pode ser um pouco diferente dos sabores fortes do caf\u00e9. Os caf\u00e9s et\u00edopes s\u00e3o frequentemente um grande fator na convers\u00e3o de n\u00e3o consumidores de caf\u00e9 em consumidores de caf\u00e9, porque representam um reino quase totalmente diferente de perfis de sabor que n\u00e3o s\u00e3o frequentemente encontrados noutras origens.   <\/p>\n\n<figure class=\"wp-block-image size-full\"><img loading=\"lazy\" decoding=\"async\" width=\"1024\" height=\"349\" src=\"https:\/\/www.westrockcoffee.com\/wp-content\/uploads\/2024\/09\/eth-side-by-side_1024x1024.jpg\" alt=\"\" class=\"wp-image-881\" srcset=\"https:\/\/www.westrockcoffee.com\/wp-content\/uploads\/2024\/09\/eth-side-by-side_1024x1024.jpg 1024w, https:\/\/www.westrockcoffee.com\/wp-content\/uploads\/2024\/09\/eth-side-by-side_1024x1024-300x102.jpg 300w, https:\/\/www.westrockcoffee.com\/wp-content\/uploads\/2024\/09\/eth-side-by-side_1024x1024-768x262.jpg 768w\" sizes=\"auto, (max-width: 1024px) 100vw, 1024px\" \/><\/figure>\n","protected":false},"excerpt":{"rendered":"<p>Considerada o ber\u00e7o do caf\u00e9, a Eti\u00f3pia tem uma longa e rica hist\u00f3ria repleta de lendas, cultura e, claro, um delicioso caf\u00e9. Diz-se que a viagem do caf\u00e9 na Eti\u00f3pia come\u00e7ou no s\u00e9culo IX, quando um pastor de cabras et\u00edope notou hiperatividade nas suas cabras ap\u00f3s as cerejas de caf\u00e9. Dizem que a partir desse [&hellip;]<\/p>\n","protected":false},"author":6,"featured_media":6969,"comment_status":"closed","ping_status":"open","sticky":false,"template":"","format":"standard","meta":{"_acf_changed":false,"content-type":"","footnotes":""},"categories":[181],"tags":[],"ppma_author":[55],"class_list":["post-6968","post","type-post","status-publish","format-standard","has-post-thumbnail","hentry","category-sustentabilidade"],"acf":[],"yoast_head":"<!-- This site is optimized with the Yoast SEO plugin v27.5 - https:\/\/yoast.com\/product\/yoast-seo-wordpress\/ -->\n<title>Destaque da Eti\u00f3pia em outubro de 2023 | Westrock Coffee<\/title>\n<meta name=\"robots\" content=\"index, follow, max-snippet:-1, max-image-preview:large, max-video-preview:-1\" \/>\n<link rel=\"canonical\" href=\"https:\/\/www.westrockcoffee.com\/pt-pt\/destaque-da-etiopia-em-outubro-de-2023\/\" \/>\n<meta property=\"og:locale\" content=\"pt_PT\" \/>\n<meta property=\"og:type\" content=\"article\" \/>\n<meta property=\"og:title\" content=\"Destaque da Eti\u00f3pia em outubro de 2023 | Westrock Coffee\" \/>\n<meta property=\"og:description\" content=\"Considerada o ber\u00e7o do caf\u00e9, a Eti\u00f3pia tem uma longa e rica hist\u00f3ria repleta de lendas, cultura e, claro, um delicioso caf\u00e9. Diz-se que a viagem do caf\u00e9 na Eti\u00f3pia come\u00e7ou no s\u00e9culo IX, quando um pastor de cabras et\u00edope notou hiperatividade nas suas cabras ap\u00f3s as cerejas de caf\u00e9. Dizem que a partir desse [&hellip;]\" \/>\n<meta property=\"og:url\" content=\"https:\/\/www.westrockcoffee.com\/pt-pt\/destaque-da-etiopia-em-outubro-de-2023\/\" \/>\n<meta property=\"og:site_name\" content=\"Westrock Coffee\" \/>\n<meta property=\"article:published_time\" content=\"2023-10-20T03:36:09+00:00\" \/>\n<meta property=\"article:modified_time\" content=\"2025-05-20T06:53:34+00:00\" \/>\n<meta property=\"og:image\" content=\"https:\/\/www.westrockcoffee.com\/wp-content\/uploads\/2024\/09\/ethiopia-main.jpg\" \/>\n\t<meta property=\"og:image:width\" content=\"2048\" \/>\n\t<meta property=\"og:image:height\" content=\"1186\" \/>\n\t<meta property=\"og:image:type\" content=\"image\/jpeg\" \/>\n<meta name=\"author\" content=\"Westrock Marketing Team\" \/>\n<meta name=\"twitter:card\" content=\"summary_large_image\" \/>\n<meta name=\"twitter:label1\" content=\"Written by\" \/>\n\t<meta name=\"twitter:data1\" content=\"Westrock Marketing Team\" \/>\n\t<meta name=\"twitter:label2\" content=\"Est. reading time\" \/>\n\t<meta name=\"twitter:data2\" content=\"2 minutos\" \/>\n<script type=\"application\/ld+json\" class=\"yoast-schema-graph\">{\"@context\":\"https:\\\/\\\/schema.org\",\"@graph\":[{\"@type\":\"Article\",\"@id\":\"https:\\\/\\\/www.westrockcoffee.com\\\/pt-pt\\\/destaque-da-etiopia-em-outubro-de-2023\\\/#article\",\"isPartOf\":{\"@id\":\"https:\\\/\\\/www.westrockcoffee.com\\\/pt-pt\\\/destaque-da-etiopia-em-outubro-de-2023\\\/\"},\"author\":{\"name\":\"Westrock Marketing Team\",\"@id\":\"https:\\\/\\\/www.westrockcoffee.com\\\/pt-pt\\\/#\\\/schema\\\/person\\\/a7b148eae8e3373a9d443df29d8ed7c9\"},\"headline\":\"Destaque da Eti\u00f3pia em outubro de 2023\",\"datePublished\":\"2023-10-20T03:36:09+00:00\",\"dateModified\":\"2025-05-20T06:53:34+00:00\",\"mainEntityOfPage\":{\"@id\":\"https:\\\/\\\/www.westrockcoffee.com\\\/pt-pt\\\/destaque-da-etiopia-em-outubro-de-2023\\\/\"},\"wordCount\":436,\"image\":{\"@id\":\"https:\\\/\\\/www.westrockcoffee.com\\\/pt-pt\\\/destaque-da-etiopia-em-outubro-de-2023\\\/#primaryimage\"},\"thumbnailUrl\":\"https:\\\/\\\/www.westrockcoffee.com\\\/wp-content\\\/uploads\\\/2024\\\/09\\\/ethiopia-main.jpg\",\"articleSection\":[\"Sustentabilidade\"],\"inLanguage\":\"pt-PT\"},{\"@type\":\"WebPage\",\"@id\":\"https:\\\/\\\/www.westrockcoffee.com\\\/pt-pt\\\/destaque-da-etiopia-em-outubro-de-2023\\\/\",\"url\":\"https:\\\/\\\/www.westrockcoffee.com\\\/pt-pt\\\/destaque-da-etiopia-em-outubro-de-2023\\\/\",\"name\":\"Destaque da Eti\u00f3pia em outubro de 2023 | Westrock Coffee\",\"isPartOf\":{\"@id\":\"https:\\\/\\\/www.westrockcoffee.com\\\/pt-pt\\\/#website\"},\"primaryImageOfPage\":{\"@id\":\"https:\\\/\\\/www.westrockcoffee.com\\\/pt-pt\\\/destaque-da-etiopia-em-outubro-de-2023\\\/#primaryimage\"},\"image\":{\"@id\":\"https:\\\/\\\/www.westrockcoffee.com\\\/pt-pt\\\/destaque-da-etiopia-em-outubro-de-2023\\\/#primaryimage\"},\"thumbnailUrl\":\"https:\\\/\\\/www.westrockcoffee.com\\\/wp-content\\\/uploads\\\/2024\\\/09\\\/ethiopia-main.jpg\",\"datePublished\":\"2023-10-20T03:36:09+00:00\",\"dateModified\":\"2025-05-20T06:53:34+00:00\",\"author\":{\"@id\":\"https:\\\/\\\/www.westrockcoffee.com\\\/pt-pt\\\/#\\\/schema\\\/person\\\/a7b148eae8e3373a9d443df29d8ed7c9\"},\"breadcrumb\":{\"@id\":\"https:\\\/\\\/www.westrockcoffee.com\\\/pt-pt\\\/destaque-da-etiopia-em-outubro-de-2023\\\/#breadcrumb\"},\"inLanguage\":\"pt-PT\",\"potentialAction\":[{\"@type\":\"ReadAction\",\"target\":[\"https:\\\/\\\/www.westrockcoffee.com\\\/pt-pt\\\/destaque-da-etiopia-em-outubro-de-2023\\\/\"]}]},{\"@type\":\"ImageObject\",\"inLanguage\":\"pt-PT\",\"@id\":\"https:\\\/\\\/www.westrockcoffee.com\\\/pt-pt\\\/destaque-da-etiopia-em-outubro-de-2023\\\/#primaryimage\",\"url\":\"https:\\\/\\\/www.westrockcoffee.com\\\/wp-content\\\/uploads\\\/2024\\\/09\\\/ethiopia-main.jpg\",\"contentUrl\":\"https:\\\/\\\/www.westrockcoffee.com\\\/wp-content\\\/uploads\\\/2024\\\/09\\\/ethiopia-main.jpg\",\"width\":2048,\"height\":1186},{\"@type\":\"BreadcrumbList\",\"@id\":\"https:\\\/\\\/www.westrockcoffee.com\\\/pt-pt\\\/destaque-da-etiopia-em-outubro-de-2023\\\/#breadcrumb\",\"itemListElement\":[{\"@type\":\"ListItem\",\"position\":1,\"name\":\"Casa\",\"item\":\"https:\\\/\\\/www.westrockcoffee.com\\\/pt-pt\\\/\"},{\"@type\":\"ListItem\",\"position\":2,\"name\":\"Destaque da Eti\u00f3pia em outubro de 2023\"}]},{\"@type\":\"WebSite\",\"@id\":\"https:\\\/\\\/www.westrockcoffee.com\\\/pt-pt\\\/#website\",\"url\":\"https:\\\/\\\/www.westrockcoffee.com\\\/pt-pt\\\/\",\"name\":\"Westrock Coffee\",\"description\":\"\",\"potentialAction\":[{\"@type\":\"SearchAction\",\"target\":{\"@type\":\"EntryPoint\",\"urlTemplate\":\"https:\\\/\\\/www.westrockcoffee.com\\\/pt-pt\\\/?s={search_term_string}\"},\"query-input\":{\"@type\":\"PropertyValueSpecification\",\"valueRequired\":true,\"valueName\":\"search_term_string\"}}],\"inLanguage\":\"pt-PT\"},{\"@type\":\"Person\",\"@id\":\"https:\\\/\\\/www.westrockcoffee.com\\\/pt-pt\\\/#\\\/schema\\\/person\\\/a7b148eae8e3373a9d443df29d8ed7c9\",\"name\":\"Westrock Marketing Team\",\"image\":{\"@type\":\"ImageObject\",\"inLanguage\":\"pt-PT\",\"@id\":\"https:\\\/\\\/www.westrockcoffee.com\\\/wp-content\\\/uploads\\\/2024\\\/09\\\/wr-placeholder.png3df4b92e9197ab443e68415227af4f7e\",\"url\":\"https:\\\/\\\/www.westrockcoffee.com\\\/wp-content\\\/uploads\\\/2024\\\/09\\\/wr-placeholder.png\",\"contentUrl\":\"https:\\\/\\\/www.westrockcoffee.com\\\/wp-content\\\/uploads\\\/2024\\\/09\\\/wr-placeholder.png\",\"caption\":\"Westrock Marketing Team\"},\"url\":\"https:\\\/\\\/www.westrockcoffee.com\\\/pt-pt\\\/author\\\/ejones\\\/\"}]}<\/script>\n<!-- \/ Yoast SEO plugin. -->","yoast_head_json":{"title":"Destaque da Eti\u00f3pia em outubro de 2023 | Westrock Coffee","robots":{"index":"index","follow":"follow","max-snippet":"max-snippet:-1","max-image-preview":"max-image-preview:large","max-video-preview":"max-video-preview:-1"},"canonical":"https:\/\/www.westrockcoffee.com\/pt-pt\/destaque-da-etiopia-em-outubro-de-2023\/","og_locale":"pt_PT","og_type":"article","og_title":"Destaque da Eti\u00f3pia em outubro de 2023 | Westrock Coffee","og_description":"Considerada o ber\u00e7o do caf\u00e9, a Eti\u00f3pia tem uma longa e rica hist\u00f3ria repleta de lendas, cultura e, claro, um delicioso caf\u00e9. Diz-se que a viagem do caf\u00e9 na Eti\u00f3pia come\u00e7ou no s\u00e9culo IX, quando um pastor de cabras et\u00edope notou hiperatividade nas suas cabras ap\u00f3s as cerejas de caf\u00e9. Dizem que a partir desse [&hellip;]","og_url":"https:\/\/www.westrockcoffee.com\/pt-pt\/destaque-da-etiopia-em-outubro-de-2023\/","og_site_name":"Westrock Coffee","article_published_time":"2023-10-20T03:36:09+00:00","article_modified_time":"2025-05-20T06:53:34+00:00","og_image":[{"width":2048,"height":1186,"url":"https:\/\/www.westrockcoffee.com\/wp-content\/uploads\/2024\/09\/ethiopia-main.jpg","type":"image\/jpeg"}],"author":"Westrock Marketing Team","twitter_card":"summary_large_image","twitter_misc":{"Written by":"Westrock Marketing Team","Est. reading time":"2 minutos"},"schema":{"@context":"https:\/\/schema.org","@graph":[{"@type":"Article","@id":"https:\/\/www.westrockcoffee.com\/pt-pt\/destaque-da-etiopia-em-outubro-de-2023\/#article","isPartOf":{"@id":"https:\/\/www.westrockcoffee.com\/pt-pt\/destaque-da-etiopia-em-outubro-de-2023\/"},"author":{"name":"Westrock Marketing Team","@id":"https:\/\/www.westrockcoffee.com\/pt-pt\/#\/schema\/person\/a7b148eae8e3373a9d443df29d8ed7c9"},"headline":"Destaque da Eti\u00f3pia em outubro de 2023","datePublished":"2023-10-20T03:36:09+00:00","dateModified":"2025-05-20T06:53:34+00:00","mainEntityOfPage":{"@id":"https:\/\/www.westrockcoffee.com\/pt-pt\/destaque-da-etiopia-em-outubro-de-2023\/"},"wordCount":436,"image":{"@id":"https:\/\/www.westrockcoffee.com\/pt-pt\/destaque-da-etiopia-em-outubro-de-2023\/#primaryimage"},"thumbnailUrl":"https:\/\/www.westrockcoffee.com\/wp-content\/uploads\/2024\/09\/ethiopia-main.jpg","articleSection":["Sustentabilidade"],"inLanguage":"pt-PT"},{"@type":"WebPage","@id":"https:\/\/www.westrockcoffee.com\/pt-pt\/destaque-da-etiopia-em-outubro-de-2023\/","url":"https:\/\/www.westrockcoffee.com\/pt-pt\/destaque-da-etiopia-em-outubro-de-2023\/","name":"Destaque da Eti\u00f3pia em outubro de 2023 | Westrock Coffee","isPartOf":{"@id":"https:\/\/www.westrockcoffee.com\/pt-pt\/#website"},"primaryImageOfPage":{"@id":"https:\/\/www.westrockcoffee.com\/pt-pt\/destaque-da-etiopia-em-outubro-de-2023\/#primaryimage"},"image":{"@id":"https:\/\/www.westrockcoffee.com\/pt-pt\/destaque-da-etiopia-em-outubro-de-2023\/#primaryimage"},"thumbnailUrl":"https:\/\/www.westrockcoffee.com\/wp-content\/uploads\/2024\/09\/ethiopia-main.jpg","datePublished":"2023-10-20T03:36:09+00:00","dateModified":"2025-05-20T06:53:34+00:00","author":{"@id":"https:\/\/www.westrockcoffee.com\/pt-pt\/#\/schema\/person\/a7b148eae8e3373a9d443df29d8ed7c9"},"breadcrumb":{"@id":"https:\/\/www.westrockcoffee.com\/pt-pt\/destaque-da-etiopia-em-outubro-de-2023\/#breadcrumb"},"inLanguage":"pt-PT","potentialAction":[{"@type":"ReadAction","target":["https:\/\/www.westrockcoffee.com\/pt-pt\/destaque-da-etiopia-em-outubro-de-2023\/"]}]},{"@type":"ImageObject","inLanguage":"pt-PT","@id":"https:\/\/www.westrockcoffee.com\/pt-pt\/destaque-da-etiopia-em-outubro-de-2023\/#primaryimage","url":"https:\/\/www.westrockcoffee.com\/wp-content\/uploads\/2024\/09\/ethiopia-main.jpg","contentUrl":"https:\/\/www.westrockcoffee.com\/wp-content\/uploads\/2024\/09\/ethiopia-main.jpg","width":2048,"height":1186},{"@type":"BreadcrumbList","@id":"https:\/\/www.westrockcoffee.com\/pt-pt\/destaque-da-etiopia-em-outubro-de-2023\/#breadcrumb","itemListElement":[{"@type":"ListItem","position":1,"name":"Casa","item":"https:\/\/www.westrockcoffee.com\/pt-pt\/"},{"@type":"ListItem","position":2,"name":"Destaque da Eti\u00f3pia em outubro de 2023"}]},{"@type":"WebSite","@id":"https:\/\/www.westrockcoffee.com\/pt-pt\/#website","url":"https:\/\/www.westrockcoffee.com\/pt-pt\/","name":"Westrock Coffee","description":"","potentialAction":[{"@type":"SearchAction","target":{"@type":"EntryPoint","urlTemplate":"https:\/\/www.westrockcoffee.com\/pt-pt\/?s={search_term_string}"},"query-input":{"@type":"PropertyValueSpecification","valueRequired":true,"valueName":"search_term_string"}}],"inLanguage":"pt-PT"},{"@type":"Person","@id":"https:\/\/www.westrockcoffee.com\/pt-pt\/#\/schema\/person\/a7b148eae8e3373a9d443df29d8ed7c9","name":"Westrock Marketing Team","image":{"@type":"ImageObject","inLanguage":"pt-PT","@id":"https:\/\/www.westrockcoffee.com\/wp-content\/uploads\/2024\/09\/wr-placeholder.png3df4b92e9197ab443e68415227af4f7e","url":"https:\/\/www.westrockcoffee.com\/wp-content\/uploads\/2024\/09\/wr-placeholder.png","contentUrl":"https:\/\/www.westrockcoffee.com\/wp-content\/uploads\/2024\/09\/wr-placeholder.png","caption":"Westrock Marketing Team"},"url":"https:\/\/www.westrockcoffee.com\/pt-pt\/author\/ejones\/"}]}},"authors":[{"term_id":55,"user_id":6,"is_guest":0,"slug":"ejones","display_name":"Westrock Marketing Team","avatar_url":{"url":"https:\/\/www.westrockcoffee.com\/wp-content\/uploads\/2024\/09\/wr-placeholder.png","url2x":"https:\/\/www.westrockcoffee.com\/wp-content\/uploads\/2024\/09\/wr-placeholder.png"},"0":null,"1":"","2":"","3":"","4":"","5":"","6":"","7":"","8":""}],"_links":{"self":[{"href":"https:\/\/www.westrockcoffee.com\/pt-pt\/wp-json\/wp\/v2\/posts\/6968","targetHints":{"allow":["GET"]}}],"collection":[{"href":"https:\/\/www.westrockcoffee.com\/pt-pt\/wp-json\/wp\/v2\/posts"}],"about":[{"href":"https:\/\/www.westrockcoffee.com\/pt-pt\/wp-json\/wp\/v2\/types\/post"}],"author":[{"embeddable":true,"href":"https:\/\/www.westrockcoffee.com\/pt-pt\/wp-json\/wp\/v2\/users\/6"}],"replies":[{"embeddable":true,"href":"https:\/\/www.westrockcoffee.com\/pt-pt\/wp-json\/wp\/v2\/comments?post=6968"}],"version-history":[{"count":0,"href":"https:\/\/www.westrockcoffee.com\/pt-pt\/wp-json\/wp\/v2\/posts\/6968\/revisions"}],"wp:featuredmedia":[{"embeddable":true,"href":"https:\/\/www.westrockcoffee.com\/pt-pt\/wp-json\/wp\/v2\/media\/6969"}],"wp:attachment":[{"href":"https:\/\/www.westrockcoffee.com\/pt-pt\/wp-json\/wp\/v2\/media?parent=6968"}],"wp:term":[{"taxonomy":"category","embeddable":true,"href":"https:\/\/www.westrockcoffee.com\/pt-pt\/wp-json\/wp\/v2\/categories?post=6968"},{"taxonomy":"post_tag","embeddable":true,"href":"https:\/\/www.westrockcoffee.com\/pt-pt\/wp-json\/wp\/v2\/tags?post=6968"},{"taxonomy":"author","embeddable":true,"href":"https:\/\/www.westrockcoffee.com\/pt-pt\/wp-json\/wp\/v2\/ppma_author?post=6968"}],"curies":[{"name":"wp","href":"https:\/\/api.w.org\/{rel}","templated":true}]}}