{"id":6947,"date":"2024-04-11T20:11:10","date_gmt":"2024-04-12T01:11:10","guid":{"rendered":"https:\/\/westrockcoffee.wpenginepowered.com\/destaque-do-peru-abril-de-2024\/"},"modified":"2025-05-20T01:43:45","modified_gmt":"2025-05-20T06:43:45","slug":"destaque-do-peru-abril-de-2024","status":"publish","type":"post","link":"https:\/\/www.westrockcoffee.com\/pt-pt\/destaque-do-peru-abril-de-2024\/","title":{"rendered":"Destaque do Peru, abril de 2024"},"content":{"rendered":"\n<p><span data-mce-fragment=\"1\">No que toca \u00e0 produ\u00e7\u00e3o de caf\u00e9, a Am\u00e9rica do Sul tem uma s\u00e9rie de pa\u00edses com grande impacto. No destaque de origem deste m\u00eas, estamos a concentrar-nos no Peru, o terceiro maior pa\u00eds da Am\u00e9rica do Sul. O Peru est\u00e1 localizado no lado pac\u00edfico do continente e alberga praias, desertos, a floresta amaz\u00f3nica e a segunda maior cadeia de montanhas do mundo, a Cordilheira dos Andes. Os variados ecossistemas do Peru tornam o pa\u00eds habit\u00e1vel para um grupo megadiverso de plantas e animais. De facto, o Peru tem mais de 25.000 esp\u00e9cies de plantas, cerca de 10% do total do globo, uma das quais \u00e9 o caf\u00e9 ar\u00e1bica.     <\/span><\/p>\n\n<figure class=\"wp-block-image\"><img decoding=\"async\" src=\"https:\/\/www.westrockcoffee.com\/wp-content\/uploads\/2024\/09\/peru-highlights-infographic_600x600.jpg\" alt=\"\"\/><\/figure>\n\n<p>O caf\u00e9 foi introduzido pela primeira vez no Peru em meados do s\u00e9culo <sup>XVIII<\/sup> atrav\u00e9s do pa\u00eds vizinho, o Equador. Embora a produ\u00e7\u00e3o de caf\u00e9 tenha come\u00e7ado na d\u00e9cada de 1700, a exporta\u00e7\u00e3o s\u00f3 come\u00e7ou na d\u00e9cada de 1800 e a produ\u00e7\u00e3o n\u00e3o foi considerada significativa at\u00e9 meados da d\u00e9cada de 1900. Tal como muitos outros pa\u00edses produtores de caf\u00e9, o Peru foi inicialmente caracterizado pelo cultivo de caf\u00e9 em grandes extens\u00f5es de terra controladas por colonos europeus. Embora este estilo de cultivo de caf\u00e9 tenha sido dominante durante muitos anos, a demografia da produ\u00e7\u00e3o de caf\u00e9 come\u00e7ou a mudar gradualmente \u00e0 medida que os peruanos de outras regi\u00f5es come\u00e7aram a mudar-se para \u00e1reas produtoras de caf\u00e9 e a desenvolver as suas pr\u00f3prias pequenas explora\u00e7\u00f5es de caf\u00e9. O pequeno agricultor tornou-se a norma nas d\u00e9cadas de 1950 e 1960, quando o governo peruano se envolveu nas reformas agr\u00e1rias e utilizou incentivos para estimular a produ\u00e7\u00e3o de caf\u00e9. Hoje, esta tend\u00eancia de pequena produ\u00e7\u00e3o de caf\u00e9 continua a ser verdadeira, com a maioria dos 223.000 cafeicultores do Peru a cultivar em 3 hectares ou menos.     <\/p>\n\n<figure class=\"wp-block-image size-full\"><img loading=\"lazy\" decoding=\"async\" width=\"1024\" height=\"576\" src=\"https:\/\/www.westrockcoffee.com\/wp-content\/uploads\/2024\/09\/peru-coffee-plantation_1024x1024.jpg\" alt=\"\" class=\"wp-image-930\" srcset=\"https:\/\/www.westrockcoffee.com\/wp-content\/uploads\/2024\/09\/peru-coffee-plantation_1024x1024.jpg 1024w, https:\/\/www.westrockcoffee.com\/wp-content\/uploads\/2024\/09\/peru-coffee-plantation_1024x1024-300x169.jpg 300w, https:\/\/www.westrockcoffee.com\/wp-content\/uploads\/2024\/09\/peru-coffee-plantation_1024x1024-768x432.jpg 768w\" sizes=\"auto, (max-width: 1024px) 100vw, 1024px\" \/><\/figure>\n\n<p>O cultivo do caf\u00e9 no Peru ocorre principalmente no norte do pa\u00eds, em Cajamarca, onde \u00e9 produzido mais de 50% do caf\u00e9, embora tamb\u00e9m haja produ\u00e7\u00e3o de caf\u00e9 em Cusco e Jun\u00edn. O impacto do caf\u00e9 no Peru n\u00e3o pode ser subestimado. O caf\u00e9 \u00e9 a principal mercadoria agr\u00edcola do pa\u00eds e representa cerca de 25% do rendimento agr\u00edcola nacional. Para al\u00e9m daqueles que possuem e operam as suas pr\u00f3prias explora\u00e7\u00f5es de caf\u00e9 no Peru, a ind\u00fastria do caf\u00e9 tamb\u00e9m sustenta de alguma forma mais de 300.000 peruanos.   <\/p>\n\n<figure class=\"wp-block-image size-full\"><img loading=\"lazy\" decoding=\"async\" width=\"1024\" height=\"211\" src=\"https:\/\/www.westrockcoffee.com\/wp-content\/uploads\/2024\/09\/peru-collage_1024x1024.jpg\" alt=\"\" class=\"wp-image-931\" srcset=\"https:\/\/www.westrockcoffee.com\/wp-content\/uploads\/2024\/09\/peru-collage_1024x1024.jpg 1024w, https:\/\/www.westrockcoffee.com\/wp-content\/uploads\/2024\/09\/peru-collage_1024x1024-300x62.jpg 300w, https:\/\/www.westrockcoffee.com\/wp-content\/uploads\/2024\/09\/peru-collage_1024x1024-768x158.jpg 768w\" sizes=\"auto, (max-width: 1024px) 100vw, 1024px\" \/><\/figure>\n\n<p>Na Westrock Coffee Company, vimos o excelente trabalho que os pequenos produtores de caf\u00e9 peruanos fazem e fizemos parcerias com 339 produtores atrav\u00e9s do Ra\u00edz Sustainability\u2122 e outros 1.792 produtores atrav\u00e9s do Farmer Direct Verified\u00ae (FDV). Uma dessas agricultoras da FDV \u00e9 Yessica Yanet Rimache Chavez, que come\u00e7ou a cultivar caf\u00e9 determinada a cultivar caf\u00e9 de uma forma que protegesse e restaurasse a sua terra. Yessica e a sua fam\u00edlia plantam \u00e1rvores de sombra e produzem o seu pr\u00f3prio fertilizante org\u00e2nico para evitar a polui\u00e7\u00e3o das suas terras, ao mesmo tempo que esperam inspirar os seus vizinhos a adoptar pr\u00e1ticas semelhantes. Na Westrock Coffee Company, orgulhamo-nos de comprar caf\u00e9 a produtores como Yessica, que atuam como administradores das suas quintas e ambientes locais.   <\/p>\n\n<figure class=\"wp-block-image size-full\"><img loading=\"lazy\" decoding=\"async\" width=\"1024\" height=\"215\" src=\"https:\/\/www.westrockcoffee.com\/wp-content\/uploads\/2024\/09\/peru-collage-beans_1024x1024.jpg\" alt=\"\" class=\"wp-image-932\" srcset=\"https:\/\/www.westrockcoffee.com\/wp-content\/uploads\/2024\/09\/peru-collage-beans_1024x1024.jpg 1024w, https:\/\/www.westrockcoffee.com\/wp-content\/uploads\/2024\/09\/peru-collage-beans_1024x1024-300x63.jpg 300w, https:\/\/www.westrockcoffee.com\/wp-content\/uploads\/2024\/09\/peru-collage-beans_1024x1024-768x161.jpg 768w\" sizes=\"auto, (max-width: 1024px) 100vw, 1024px\" \/><\/figure>\n\n<p>Ao beber caf\u00e9 peruano como o da Yessica, os nossos especialistas de sabor internos notam qualidades terrosas e herbais com notas de frutos de caro\u00e7o.<\/p>\n","protected":false},"excerpt":{"rendered":"<p>No que toca \u00e0 produ\u00e7\u00e3o de caf\u00e9, a Am\u00e9rica do Sul tem uma s\u00e9rie de pa\u00edses com grande impacto. No destaque de origem deste m\u00eas, estamos a concentrar-nos no Peru, o terceiro maior pa\u00eds da Am\u00e9rica do Sul. O Peru est\u00e1 localizado no lado pac\u00edfico do continente e alberga praias, desertos, a floresta amaz\u00f3nica e [&hellip;]<\/p>\n","protected":false},"author":6,"featured_media":6948,"comment_status":"closed","ping_status":"open","sticky":false,"template":"","format":"standard","meta":{"_acf_changed":false,"content-type":"","footnotes":""},"categories":[181],"tags":[],"ppma_author":[55],"class_list":["post-6947","post","type-post","status-publish","format-standard","has-post-thumbnail","hentry","category-sustentabilidade"],"acf":[],"yoast_head":"<!-- This site is optimized with the Yoast SEO plugin v27.4 - https:\/\/yoast.com\/product\/yoast-seo-wordpress\/ -->\n<title>Destaque do Peru, abril de 2024 | Westrock Coffee<\/title>\n<meta name=\"robots\" content=\"index, follow, max-snippet:-1, max-image-preview:large, max-video-preview:-1\" \/>\n<link rel=\"canonical\" href=\"https:\/\/www.westrockcoffee.com\/pt-pt\/destaque-do-peru-abril-de-2024\/\" \/>\n<meta property=\"og:locale\" content=\"pt_PT\" \/>\n<meta property=\"og:type\" content=\"article\" \/>\n<meta property=\"og:title\" content=\"Destaque do Peru, abril de 2024 | Westrock Coffee\" \/>\n<meta property=\"og:description\" content=\"No que toca \u00e0 produ\u00e7\u00e3o de caf\u00e9, a Am\u00e9rica do Sul tem uma s\u00e9rie de pa\u00edses com grande impacto. No destaque de origem deste m\u00eas, estamos a concentrar-nos no Peru, o terceiro maior pa\u00eds da Am\u00e9rica do Sul. O Peru est\u00e1 localizado no lado pac\u00edfico do continente e alberga praias, desertos, a floresta amaz\u00f3nica e [&hellip;]\" \/>\n<meta property=\"og:url\" content=\"https:\/\/www.westrockcoffee.com\/pt-pt\/destaque-do-peru-abril-de-2024\/\" \/>\n<meta property=\"og:site_name\" content=\"Westrock Coffee\" \/>\n<meta property=\"article:published_time\" content=\"2024-04-12T01:11:10+00:00\" \/>\n<meta property=\"article:modified_time\" content=\"2025-05-20T06:43:45+00:00\" \/>\n<meta property=\"og:image\" content=\"https:\/\/www.westrockcoffee.com\/wp-content\/uploads\/2024\/09\/peru-highlight-featured.jpg\" \/>\n\t<meta property=\"og:image:width\" content=\"2500\" \/>\n\t<meta property=\"og:image:height\" content=\"1406\" \/>\n\t<meta property=\"og:image:type\" content=\"image\/jpeg\" \/>\n<meta name=\"author\" content=\"Westrock Marketing Team\" \/>\n<meta name=\"twitter:card\" content=\"summary_large_image\" \/>\n<meta name=\"twitter:label1\" content=\"Written by\" \/>\n\t<meta name=\"twitter:data1\" content=\"Westrock Marketing Team\" \/>\n\t<meta name=\"twitter:label2\" content=\"Est. reading time\" \/>\n\t<meta name=\"twitter:data2\" content=\"3 minutos\" \/>\n<script type=\"application\/ld+json\" class=\"yoast-schema-graph\">{\"@context\":\"https:\\\/\\\/schema.org\",\"@graph\":[{\"@type\":\"Article\",\"@id\":\"https:\\\/\\\/www.westrockcoffee.com\\\/pt-pt\\\/destaque-do-peru-abril-de-2024\\\/#article\",\"isPartOf\":{\"@id\":\"https:\\\/\\\/www.westrockcoffee.com\\\/pt-pt\\\/destaque-do-peru-abril-de-2024\\\/\"},\"author\":{\"name\":\"Westrock Marketing Team\",\"@id\":\"https:\\\/\\\/www.westrockcoffee.com\\\/pt-pt\\\/#\\\/schema\\\/person\\\/a7b148eae8e3373a9d443df29d8ed7c9\"},\"headline\":\"Destaque do Peru, abril de 2024\",\"datePublished\":\"2024-04-12T01:11:10+00:00\",\"dateModified\":\"2025-05-20T06:43:45+00:00\",\"mainEntityOfPage\":{\"@id\":\"https:\\\/\\\/www.westrockcoffee.com\\\/pt-pt\\\/destaque-do-peru-abril-de-2024\\\/\"},\"wordCount\":575,\"image\":{\"@id\":\"https:\\\/\\\/www.westrockcoffee.com\\\/pt-pt\\\/destaque-do-peru-abril-de-2024\\\/#primaryimage\"},\"thumbnailUrl\":\"https:\\\/\\\/www.westrockcoffee.com\\\/wp-content\\\/uploads\\\/2024\\\/09\\\/peru-highlight-featured.jpg\",\"articleSection\":[\"Sustentabilidade\"],\"inLanguage\":\"pt-PT\"},{\"@type\":\"WebPage\",\"@id\":\"https:\\\/\\\/www.westrockcoffee.com\\\/pt-pt\\\/destaque-do-peru-abril-de-2024\\\/\",\"url\":\"https:\\\/\\\/www.westrockcoffee.com\\\/pt-pt\\\/destaque-do-peru-abril-de-2024\\\/\",\"name\":\"Destaque do Peru, abril de 2024 | Westrock Coffee\",\"isPartOf\":{\"@id\":\"https:\\\/\\\/www.westrockcoffee.com\\\/pt-pt\\\/#website\"},\"primaryImageOfPage\":{\"@id\":\"https:\\\/\\\/www.westrockcoffee.com\\\/pt-pt\\\/destaque-do-peru-abril-de-2024\\\/#primaryimage\"},\"image\":{\"@id\":\"https:\\\/\\\/www.westrockcoffee.com\\\/pt-pt\\\/destaque-do-peru-abril-de-2024\\\/#primaryimage\"},\"thumbnailUrl\":\"https:\\\/\\\/www.westrockcoffee.com\\\/wp-content\\\/uploads\\\/2024\\\/09\\\/peru-highlight-featured.jpg\",\"datePublished\":\"2024-04-12T01:11:10+00:00\",\"dateModified\":\"2025-05-20T06:43:45+00:00\",\"author\":{\"@id\":\"https:\\\/\\\/www.westrockcoffee.com\\\/pt-pt\\\/#\\\/schema\\\/person\\\/a7b148eae8e3373a9d443df29d8ed7c9\"},\"breadcrumb\":{\"@id\":\"https:\\\/\\\/www.westrockcoffee.com\\\/pt-pt\\\/destaque-do-peru-abril-de-2024\\\/#breadcrumb\"},\"inLanguage\":\"pt-PT\",\"potentialAction\":[{\"@type\":\"ReadAction\",\"target\":[\"https:\\\/\\\/www.westrockcoffee.com\\\/pt-pt\\\/destaque-do-peru-abril-de-2024\\\/\"]}]},{\"@type\":\"ImageObject\",\"inLanguage\":\"pt-PT\",\"@id\":\"https:\\\/\\\/www.westrockcoffee.com\\\/pt-pt\\\/destaque-do-peru-abril-de-2024\\\/#primaryimage\",\"url\":\"https:\\\/\\\/www.westrockcoffee.com\\\/wp-content\\\/uploads\\\/2024\\\/09\\\/peru-highlight-featured.jpg\",\"contentUrl\":\"https:\\\/\\\/www.westrockcoffee.com\\\/wp-content\\\/uploads\\\/2024\\\/09\\\/peru-highlight-featured.jpg\",\"width\":2500,\"height\":1406},{\"@type\":\"BreadcrumbList\",\"@id\":\"https:\\\/\\\/www.westrockcoffee.com\\\/pt-pt\\\/destaque-do-peru-abril-de-2024\\\/#breadcrumb\",\"itemListElement\":[{\"@type\":\"ListItem\",\"position\":1,\"name\":\"Casa\",\"item\":\"https:\\\/\\\/www.westrockcoffee.com\\\/pt-pt\\\/\"},{\"@type\":\"ListItem\",\"position\":2,\"name\":\"Destaque do Peru, abril de 2024\"}]},{\"@type\":\"WebSite\",\"@id\":\"https:\\\/\\\/www.westrockcoffee.com\\\/pt-pt\\\/#website\",\"url\":\"https:\\\/\\\/www.westrockcoffee.com\\\/pt-pt\\\/\",\"name\":\"Westrock Coffee\",\"description\":\"\",\"potentialAction\":[{\"@type\":\"SearchAction\",\"target\":{\"@type\":\"EntryPoint\",\"urlTemplate\":\"https:\\\/\\\/www.westrockcoffee.com\\\/pt-pt\\\/?s={search_term_string}\"},\"query-input\":{\"@type\":\"PropertyValueSpecification\",\"valueRequired\":true,\"valueName\":\"search_term_string\"}}],\"inLanguage\":\"pt-PT\"},{\"@type\":\"Person\",\"@id\":\"https:\\\/\\\/www.westrockcoffee.com\\\/pt-pt\\\/#\\\/schema\\\/person\\\/a7b148eae8e3373a9d443df29d8ed7c9\",\"name\":\"Westrock Marketing Team\",\"image\":{\"@type\":\"ImageObject\",\"inLanguage\":\"pt-PT\",\"@id\":\"https:\\\/\\\/www.westrockcoffee.com\\\/wp-content\\\/uploads\\\/2024\\\/09\\\/wr-placeholder.png3df4b92e9197ab443e68415227af4f7e\",\"url\":\"https:\\\/\\\/www.westrockcoffee.com\\\/wp-content\\\/uploads\\\/2024\\\/09\\\/wr-placeholder.png\",\"contentUrl\":\"https:\\\/\\\/www.westrockcoffee.com\\\/wp-content\\\/uploads\\\/2024\\\/09\\\/wr-placeholder.png\",\"caption\":\"Westrock Marketing Team\"},\"url\":\"https:\\\/\\\/www.westrockcoffee.com\\\/pt-pt\\\/author\\\/ejones\\\/\"}]}<\/script>\n<!-- \/ Yoast SEO plugin. -->","yoast_head_json":{"title":"Destaque do Peru, abril de 2024 | Westrock Coffee","robots":{"index":"index","follow":"follow","max-snippet":"max-snippet:-1","max-image-preview":"max-image-preview:large","max-video-preview":"max-video-preview:-1"},"canonical":"https:\/\/www.westrockcoffee.com\/pt-pt\/destaque-do-peru-abril-de-2024\/","og_locale":"pt_PT","og_type":"article","og_title":"Destaque do Peru, abril de 2024 | Westrock Coffee","og_description":"No que toca \u00e0 produ\u00e7\u00e3o de caf\u00e9, a Am\u00e9rica do Sul tem uma s\u00e9rie de pa\u00edses com grande impacto. No destaque de origem deste m\u00eas, estamos a concentrar-nos no Peru, o terceiro maior pa\u00eds da Am\u00e9rica do Sul. O Peru est\u00e1 localizado no lado pac\u00edfico do continente e alberga praias, desertos, a floresta amaz\u00f3nica e [&hellip;]","og_url":"https:\/\/www.westrockcoffee.com\/pt-pt\/destaque-do-peru-abril-de-2024\/","og_site_name":"Westrock Coffee","article_published_time":"2024-04-12T01:11:10+00:00","article_modified_time":"2025-05-20T06:43:45+00:00","og_image":[{"width":2500,"height":1406,"url":"https:\/\/www.westrockcoffee.com\/wp-content\/uploads\/2024\/09\/peru-highlight-featured.jpg","type":"image\/jpeg"}],"author":"Westrock Marketing Team","twitter_card":"summary_large_image","twitter_misc":{"Written by":"Westrock Marketing Team","Est. reading time":"3 minutos"},"schema":{"@context":"https:\/\/schema.org","@graph":[{"@type":"Article","@id":"https:\/\/www.westrockcoffee.com\/pt-pt\/destaque-do-peru-abril-de-2024\/#article","isPartOf":{"@id":"https:\/\/www.westrockcoffee.com\/pt-pt\/destaque-do-peru-abril-de-2024\/"},"author":{"name":"Westrock Marketing Team","@id":"https:\/\/www.westrockcoffee.com\/pt-pt\/#\/schema\/person\/a7b148eae8e3373a9d443df29d8ed7c9"},"headline":"Destaque do Peru, abril de 2024","datePublished":"2024-04-12T01:11:10+00:00","dateModified":"2025-05-20T06:43:45+00:00","mainEntityOfPage":{"@id":"https:\/\/www.westrockcoffee.com\/pt-pt\/destaque-do-peru-abril-de-2024\/"},"wordCount":575,"image":{"@id":"https:\/\/www.westrockcoffee.com\/pt-pt\/destaque-do-peru-abril-de-2024\/#primaryimage"},"thumbnailUrl":"https:\/\/www.westrockcoffee.com\/wp-content\/uploads\/2024\/09\/peru-highlight-featured.jpg","articleSection":["Sustentabilidade"],"inLanguage":"pt-PT"},{"@type":"WebPage","@id":"https:\/\/www.westrockcoffee.com\/pt-pt\/destaque-do-peru-abril-de-2024\/","url":"https:\/\/www.westrockcoffee.com\/pt-pt\/destaque-do-peru-abril-de-2024\/","name":"Destaque do Peru, abril de 2024 | Westrock Coffee","isPartOf":{"@id":"https:\/\/www.westrockcoffee.com\/pt-pt\/#website"},"primaryImageOfPage":{"@id":"https:\/\/www.westrockcoffee.com\/pt-pt\/destaque-do-peru-abril-de-2024\/#primaryimage"},"image":{"@id":"https:\/\/www.westrockcoffee.com\/pt-pt\/destaque-do-peru-abril-de-2024\/#primaryimage"},"thumbnailUrl":"https:\/\/www.westrockcoffee.com\/wp-content\/uploads\/2024\/09\/peru-highlight-featured.jpg","datePublished":"2024-04-12T01:11:10+00:00","dateModified":"2025-05-20T06:43:45+00:00","author":{"@id":"https:\/\/www.westrockcoffee.com\/pt-pt\/#\/schema\/person\/a7b148eae8e3373a9d443df29d8ed7c9"},"breadcrumb":{"@id":"https:\/\/www.westrockcoffee.com\/pt-pt\/destaque-do-peru-abril-de-2024\/#breadcrumb"},"inLanguage":"pt-PT","potentialAction":[{"@type":"ReadAction","target":["https:\/\/www.westrockcoffee.com\/pt-pt\/destaque-do-peru-abril-de-2024\/"]}]},{"@type":"ImageObject","inLanguage":"pt-PT","@id":"https:\/\/www.westrockcoffee.com\/pt-pt\/destaque-do-peru-abril-de-2024\/#primaryimage","url":"https:\/\/www.westrockcoffee.com\/wp-content\/uploads\/2024\/09\/peru-highlight-featured.jpg","contentUrl":"https:\/\/www.westrockcoffee.com\/wp-content\/uploads\/2024\/09\/peru-highlight-featured.jpg","width":2500,"height":1406},{"@type":"BreadcrumbList","@id":"https:\/\/www.westrockcoffee.com\/pt-pt\/destaque-do-peru-abril-de-2024\/#breadcrumb","itemListElement":[{"@type":"ListItem","position":1,"name":"Casa","item":"https:\/\/www.westrockcoffee.com\/pt-pt\/"},{"@type":"ListItem","position":2,"name":"Destaque do Peru, abril de 2024"}]},{"@type":"WebSite","@id":"https:\/\/www.westrockcoffee.com\/pt-pt\/#website","url":"https:\/\/www.westrockcoffee.com\/pt-pt\/","name":"Westrock Coffee","description":"","potentialAction":[{"@type":"SearchAction","target":{"@type":"EntryPoint","urlTemplate":"https:\/\/www.westrockcoffee.com\/pt-pt\/?s={search_term_string}"},"query-input":{"@type":"PropertyValueSpecification","valueRequired":true,"valueName":"search_term_string"}}],"inLanguage":"pt-PT"},{"@type":"Person","@id":"https:\/\/www.westrockcoffee.com\/pt-pt\/#\/schema\/person\/a7b148eae8e3373a9d443df29d8ed7c9","name":"Westrock Marketing Team","image":{"@type":"ImageObject","inLanguage":"pt-PT","@id":"https:\/\/www.westrockcoffee.com\/wp-content\/uploads\/2024\/09\/wr-placeholder.png3df4b92e9197ab443e68415227af4f7e","url":"https:\/\/www.westrockcoffee.com\/wp-content\/uploads\/2024\/09\/wr-placeholder.png","contentUrl":"https:\/\/www.westrockcoffee.com\/wp-content\/uploads\/2024\/09\/wr-placeholder.png","caption":"Westrock Marketing Team"},"url":"https:\/\/www.westrockcoffee.com\/pt-pt\/author\/ejones\/"}]}},"authors":[{"term_id":55,"user_id":6,"is_guest":0,"slug":"ejones","display_name":"Westrock Marketing Team","avatar_url":{"url":"https:\/\/www.westrockcoffee.com\/wp-content\/uploads\/2024\/09\/wr-placeholder.png","url2x":"https:\/\/www.westrockcoffee.com\/wp-content\/uploads\/2024\/09\/wr-placeholder.png"},"0":null,"1":"","2":"","3":"","4":"","5":"","6":"","7":"","8":""}],"_links":{"self":[{"href":"https:\/\/www.westrockcoffee.com\/pt-pt\/wp-json\/wp\/v2\/posts\/6947","targetHints":{"allow":["GET"]}}],"collection":[{"href":"https:\/\/www.westrockcoffee.com\/pt-pt\/wp-json\/wp\/v2\/posts"}],"about":[{"href":"https:\/\/www.westrockcoffee.com\/pt-pt\/wp-json\/wp\/v2\/types\/post"}],"author":[{"embeddable":true,"href":"https:\/\/www.westrockcoffee.com\/pt-pt\/wp-json\/wp\/v2\/users\/6"}],"replies":[{"embeddable":true,"href":"https:\/\/www.westrockcoffee.com\/pt-pt\/wp-json\/wp\/v2\/comments?post=6947"}],"version-history":[{"count":0,"href":"https:\/\/www.westrockcoffee.com\/pt-pt\/wp-json\/wp\/v2\/posts\/6947\/revisions"}],"wp:featuredmedia":[{"embeddable":true,"href":"https:\/\/www.westrockcoffee.com\/pt-pt\/wp-json\/wp\/v2\/media\/6948"}],"wp:attachment":[{"href":"https:\/\/www.westrockcoffee.com\/pt-pt\/wp-json\/wp\/v2\/media?parent=6947"}],"wp:term":[{"taxonomy":"category","embeddable":true,"href":"https:\/\/www.westrockcoffee.com\/pt-pt\/wp-json\/wp\/v2\/categories?post=6947"},{"taxonomy":"post_tag","embeddable":true,"href":"https:\/\/www.westrockcoffee.com\/pt-pt\/wp-json\/wp\/v2\/tags?post=6947"},{"taxonomy":"author","embeddable":true,"href":"https:\/\/www.westrockcoffee.com\/pt-pt\/wp-json\/wp\/v2\/ppma_author?post=6947"}],"curies":[{"name":"wp","href":"https:\/\/api.w.org\/{rel}","templated":true}]}}