{"id":6941,"date":"2024-06-10T18:27:20","date_gmt":"2024-06-10T23:27:20","guid":{"rendered":"https:\/\/westrockcoffee.wpenginepowered.com\/destaque-da-nicaragua-junho-de-2024\/"},"modified":"2025-05-20T01:39:28","modified_gmt":"2025-05-20T06:39:28","slug":"destaque-da-nicaragua-junho-de-2024","status":"publish","type":"post","link":"https:\/\/www.westrockcoffee.com\/pt-pt\/destaque-da-nicaragua-junho-de-2024\/","title":{"rendered":"Destaque da Nicar\u00e1gua, junho de 2024"},"content":{"rendered":"\n<p>O pr\u00f3ximo destaque da Westrock Coffee sobre a origem do caf\u00e9 \u00e9 o maior pa\u00eds da Am\u00e9rica Central, a Nicar\u00e1gua. Composta por plan\u00edcies do Pac\u00edfico, planaltos centrais e plan\u00edcies das Cara\u00edbas, a Nicar\u00e1gua alberga uma variedade de climas e ecossistemas. A produ\u00e7\u00e3o de caf\u00e9 ocorre em todo o pa\u00eds, mas Jinotega, Matagalpa e Nueva Segovia s\u00e3o as principais zonas de cultivo de caf\u00e9. Estas \u00e1reas s\u00e3o adequadas para o cultivo de caf\u00e9, pois possuem solos vulc\u00e2nicos ricos e climas tropicais h\u00famidos.    <\/p>\n\n<figure class=\"wp-block-image\"><img decoding=\"async\" src=\"https:\/\/www.westrockcoffee.com\/wp-content\/uploads\/2024\/09\/nicaragua-highlight-featured_1024x1024.jpg\" alt=\"\"\/><\/figure>\n\n<figure class=\"wp-block-image\"><img decoding=\"async\" src=\"https:\/\/www.westrockcoffee.com\/wp-content\/uploads\/2024\/09\/Farmer-training-icon-Recovered_975f4743-4b25-4d0e-9965-be319b359d36_600x600.jpg\" alt=\"\"\/><\/figure>\n\n<p>O cultivo do caf\u00e9 na Nicar\u00e1gua come\u00e7ou na d\u00e9cada de 1800 e, com o desenvolvimento da ind\u00fastria, a produ\u00e7\u00e3o aumentou para 150.000 sacas anualmente na d\u00e9cada de 1900. Entretanto, a trajet\u00f3ria da ind\u00fastria do caf\u00e9 na Nicar\u00e1gua foi interrompida na d\u00e9cada de 1950 pela instabilidade pol\u00edtica e pelos furac\u00f5es e s\u00f3 come\u00e7ou a recuperar na d\u00e9cada de 1990. Embora o clima pol\u00edtico tenha acalmado, os produtores de caf\u00e9 da Nicar\u00e1gua enfrentaram outro obst\u00e1culo: os baixos pre\u00e7os do caf\u00e9. A extrema dificuldade de ganhar dinheiro na ind\u00fastria do caf\u00e9 levou ao colapso de v\u00e1rios bancos nacionais e a um \u00eaxodo em massa de nicaraguenses que foram para outros pa\u00edses em busca de maiores oportunidades.   <\/p>\n\n<figure class=\"wp-block-image\"><img decoding=\"async\" src=\"https:\/\/www.westrockcoffee.com\/wp-content\/uploads\/2024\/09\/nicaragua-collage_1024x1024.jpg\" alt=\"\"\/><\/figure>\n\n<p>Hoje, s\u00e3o muitos os produtores de caf\u00e9 que se mant\u00eam dedicados \u00e0s suas explora\u00e7\u00f5es, apesar dos muitos desafios. A Nicar\u00e1gua \u00e9 o 12<sup>\u00ba<\/sup> maior produtor de caf\u00e9 do mundo, sustentado principalmente por pequenos agricultores que cultivam em 15 hectares ou menos. Estes agricultores conseguiram aumentar a produ\u00e7\u00e3o do pa\u00eds para mais de 2,5 milh\u00f5es de sacas de caf\u00e9 por ano, apesar de n\u00e3o terem o financiamento necess\u00e1rio para investir na melhoria das suas explora\u00e7\u00f5es agr\u00edcolas e infraestruturas. \u00c9 gra\u00e7as \u00e0 sua coragem que muitos clientes da Westrock Coffee Company conseguem beber caf\u00e9 nicaraguense nas suas misturas favoritas.   <\/p>\n\n<figure class=\"wp-block-image\"><img decoding=\"async\" src=\"https:\/\/www.westrockcoffee.com\/wp-content\/uploads\/2024\/09\/collage-2_1024x1024.jpg\" alt=\"\"\/><\/figure>\n\n<p>A Westrock Coffee tem o prazer de trabalhar com 310 produtores de caf\u00e9 nicaraguenses atrav\u00e9s do Ra\u00edz Sustainability\u2122 e outros 2.068 atrav\u00e9s do Farmer Direct Verified\u00ae. Uma agricultora Ra\u00edz particularmente exemplar \u00e9 Ana Maribel Garc\u00eda Rizo. Do\u00f1a Maribel foi nomeada campe\u00e3 social da Westrock Coffee pela sua dedica\u00e7\u00e3o inabal\u00e1vel em defender os seus colaboradores e a gest\u00e3o hol\u00edstica da explora\u00e7\u00e3o, com a vis\u00e3o de criar condi\u00e7\u00f5es de vida e de trabalho nas quais os membros da sua equipa possam prosperar e um olhar constante sobre a prote\u00e7\u00e3o ambiental. Do\u00f1a Maribel capacita os seus colaboradores, vai al\u00e9m das melhores pr\u00e1ticas, dedica tempo para os ensinar e formar, al\u00e9m de os tratar com respeito. Al\u00e9m dos seus pr\u00f3prios colaboradores, ela testa entusiasticamente novas pr\u00e1ticas recomendadas e atua como exemplo para outros produtores de caf\u00e9 da sua comunidade. Do\u00f1a Maribel \u00e9 a principal decisora \u200b\u200bna sua quinta, chamada <em>Magari<\/em>, uma raridade para uma mulher em muitos pa\u00edses produtores de caf\u00e9 e um t\u00edtulo bem merecido, uma vez que tamb\u00e9m \u00e9 agr\u00f3noma formada. Utilizou a sua ag\u00eancia para construir uma quinta pr\u00f3spera, aumentando a sua produtividade em 60% desde que se juntou \u00e0 Ra\u00edz Sustainability da Westrock Coffee em 2019.      <\/p>\n\n<figure class=\"wp-block-image\"><img decoding=\"async\" src=\"https:\/\/www.westrockcoffee.com\/wp-content\/uploads\/2024\/09\/nicaragua-collage-3_1024x1024.jpg\" alt=\"\"\/><\/figure>\n\n<p>Na Westrock Coffee, os nossos especialistas em sabores adoram o caf\u00e9 nicaraguense, como o de Ana Maribel, pela sua acidez brilhante e c\u00edtrica, e pelas suas saborosas notas herbais.<\/p>\n","protected":false},"excerpt":{"rendered":"<p>O pr\u00f3ximo destaque da Westrock Coffee sobre a origem do caf\u00e9 \u00e9 o maior pa\u00eds da Am\u00e9rica Central, a Nicar\u00e1gua. Composta por plan\u00edcies do Pac\u00edfico, planaltos centrais e plan\u00edcies das Cara\u00edbas, a Nicar\u00e1gua alberga uma variedade de climas e ecossistemas. A produ\u00e7\u00e3o de caf\u00e9 ocorre em todo o pa\u00eds, mas Jinotega, Matagalpa e Nueva Segovia [&hellip;]<\/p>\n","protected":false},"author":6,"featured_media":6942,"comment_status":"closed","ping_status":"open","sticky":false,"template":"","format":"standard","meta":{"_acf_changed":false,"content-type":"","footnotes":""},"categories":[181],"tags":[],"ppma_author":[55],"class_list":["post-6941","post","type-post","status-publish","format-standard","has-post-thumbnail","hentry","category-sustentabilidade"],"acf":[],"yoast_head":"<!-- This site is optimized with the Yoast SEO plugin v27.4 - https:\/\/yoast.com\/product\/yoast-seo-wordpress\/ -->\n<title>Destaque da Nicar\u00e1gua, junho de 2024 | Westrock Coffee<\/title>\n<meta name=\"robots\" content=\"index, follow, max-snippet:-1, max-image-preview:large, max-video-preview:-1\" \/>\n<link rel=\"canonical\" href=\"https:\/\/www.westrockcoffee.com\/pt-pt\/destaque-da-nicaragua-junho-de-2024\/\" \/>\n<meta property=\"og:locale\" content=\"pt_PT\" \/>\n<meta property=\"og:type\" content=\"article\" \/>\n<meta property=\"og:title\" content=\"Destaque da Nicar\u00e1gua, junho de 2024 | Westrock Coffee\" \/>\n<meta property=\"og:description\" content=\"O pr\u00f3ximo destaque da Westrock Coffee sobre a origem do caf\u00e9 \u00e9 o maior pa\u00eds da Am\u00e9rica Central, a Nicar\u00e1gua. Composta por plan\u00edcies do Pac\u00edfico, planaltos centrais e plan\u00edcies das Cara\u00edbas, a Nicar\u00e1gua alberga uma variedade de climas e ecossistemas. A produ\u00e7\u00e3o de caf\u00e9 ocorre em todo o pa\u00eds, mas Jinotega, Matagalpa e Nueva Segovia [&hellip;]\" \/>\n<meta property=\"og:url\" content=\"https:\/\/www.westrockcoffee.com\/pt-pt\/destaque-da-nicaragua-junho-de-2024\/\" \/>\n<meta property=\"og:site_name\" content=\"Westrock Coffee\" \/>\n<meta property=\"article:published_time\" content=\"2024-06-10T23:27:20+00:00\" \/>\n<meta property=\"article:modified_time\" content=\"2025-05-20T06:39:28+00:00\" \/>\n<meta property=\"og:image\" content=\"https:\/\/www.westrockcoffee.com\/wp-content\/uploads\/2024\/09\/nicaragua-highlight-featured.jpg\" \/>\n\t<meta property=\"og:image:width\" content=\"2000\" \/>\n\t<meta property=\"og:image:height\" content=\"1498\" \/>\n\t<meta property=\"og:image:type\" content=\"image\/jpeg\" \/>\n<meta name=\"author\" content=\"Westrock Marketing Team\" \/>\n<meta name=\"twitter:card\" content=\"summary_large_image\" \/>\n<meta name=\"twitter:label1\" content=\"Written by\" \/>\n\t<meta name=\"twitter:data1\" content=\"Westrock Marketing Team\" \/>\n\t<meta name=\"twitter:label2\" content=\"Est. reading time\" \/>\n\t<meta name=\"twitter:data2\" content=\"3 minutos\" \/>\n<script type=\"application\/ld+json\" class=\"yoast-schema-graph\">{\"@context\":\"https:\\\/\\\/schema.org\",\"@graph\":[{\"@type\":\"Article\",\"@id\":\"https:\\\/\\\/www.westrockcoffee.com\\\/pt-pt\\\/destaque-da-nicaragua-junho-de-2024\\\/#article\",\"isPartOf\":{\"@id\":\"https:\\\/\\\/www.westrockcoffee.com\\\/pt-pt\\\/destaque-da-nicaragua-junho-de-2024\\\/\"},\"author\":{\"name\":\"Westrock Marketing Team\",\"@id\":\"https:\\\/\\\/www.westrockcoffee.com\\\/pt-pt\\\/#\\\/schema\\\/person\\\/a7b148eae8e3373a9d443df29d8ed7c9\"},\"headline\":\"Destaque da Nicar\u00e1gua, junho de 2024\",\"datePublished\":\"2024-06-10T23:27:20+00:00\",\"dateModified\":\"2025-05-20T06:39:28+00:00\",\"mainEntityOfPage\":{\"@id\":\"https:\\\/\\\/www.westrockcoffee.com\\\/pt-pt\\\/destaque-da-nicaragua-junho-de-2024\\\/\"},\"wordCount\":580,\"image\":{\"@id\":\"https:\\\/\\\/www.westrockcoffee.com\\\/pt-pt\\\/destaque-da-nicaragua-junho-de-2024\\\/#primaryimage\"},\"thumbnailUrl\":\"https:\\\/\\\/www.westrockcoffee.com\\\/wp-content\\\/uploads\\\/2024\\\/09\\\/nicaragua-highlight-featured.jpg\",\"articleSection\":[\"Sustentabilidade\"],\"inLanguage\":\"pt-PT\"},{\"@type\":\"WebPage\",\"@id\":\"https:\\\/\\\/www.westrockcoffee.com\\\/pt-pt\\\/destaque-da-nicaragua-junho-de-2024\\\/\",\"url\":\"https:\\\/\\\/www.westrockcoffee.com\\\/pt-pt\\\/destaque-da-nicaragua-junho-de-2024\\\/\",\"name\":\"Destaque da Nicar\u00e1gua, junho de 2024 | Westrock Coffee\",\"isPartOf\":{\"@id\":\"https:\\\/\\\/www.westrockcoffee.com\\\/pt-pt\\\/#website\"},\"primaryImageOfPage\":{\"@id\":\"https:\\\/\\\/www.westrockcoffee.com\\\/pt-pt\\\/destaque-da-nicaragua-junho-de-2024\\\/#primaryimage\"},\"image\":{\"@id\":\"https:\\\/\\\/www.westrockcoffee.com\\\/pt-pt\\\/destaque-da-nicaragua-junho-de-2024\\\/#primaryimage\"},\"thumbnailUrl\":\"https:\\\/\\\/www.westrockcoffee.com\\\/wp-content\\\/uploads\\\/2024\\\/09\\\/nicaragua-highlight-featured.jpg\",\"datePublished\":\"2024-06-10T23:27:20+00:00\",\"dateModified\":\"2025-05-20T06:39:28+00:00\",\"author\":{\"@id\":\"https:\\\/\\\/www.westrockcoffee.com\\\/pt-pt\\\/#\\\/schema\\\/person\\\/a7b148eae8e3373a9d443df29d8ed7c9\"},\"breadcrumb\":{\"@id\":\"https:\\\/\\\/www.westrockcoffee.com\\\/pt-pt\\\/destaque-da-nicaragua-junho-de-2024\\\/#breadcrumb\"},\"inLanguage\":\"pt-PT\",\"potentialAction\":[{\"@type\":\"ReadAction\",\"target\":[\"https:\\\/\\\/www.westrockcoffee.com\\\/pt-pt\\\/destaque-da-nicaragua-junho-de-2024\\\/\"]}]},{\"@type\":\"ImageObject\",\"inLanguage\":\"pt-PT\",\"@id\":\"https:\\\/\\\/www.westrockcoffee.com\\\/pt-pt\\\/destaque-da-nicaragua-junho-de-2024\\\/#primaryimage\",\"url\":\"https:\\\/\\\/www.westrockcoffee.com\\\/wp-content\\\/uploads\\\/2024\\\/09\\\/nicaragua-highlight-featured.jpg\",\"contentUrl\":\"https:\\\/\\\/www.westrockcoffee.com\\\/wp-content\\\/uploads\\\/2024\\\/09\\\/nicaragua-highlight-featured.jpg\",\"width\":2000,\"height\":1498},{\"@type\":\"BreadcrumbList\",\"@id\":\"https:\\\/\\\/www.westrockcoffee.com\\\/pt-pt\\\/destaque-da-nicaragua-junho-de-2024\\\/#breadcrumb\",\"itemListElement\":[{\"@type\":\"ListItem\",\"position\":1,\"name\":\"Casa\",\"item\":\"https:\\\/\\\/www.westrockcoffee.com\\\/pt-pt\\\/\"},{\"@type\":\"ListItem\",\"position\":2,\"name\":\"Destaque da Nicar\u00e1gua, junho de 2024\"}]},{\"@type\":\"WebSite\",\"@id\":\"https:\\\/\\\/www.westrockcoffee.com\\\/pt-pt\\\/#website\",\"url\":\"https:\\\/\\\/www.westrockcoffee.com\\\/pt-pt\\\/\",\"name\":\"Westrock Coffee\",\"description\":\"\",\"potentialAction\":[{\"@type\":\"SearchAction\",\"target\":{\"@type\":\"EntryPoint\",\"urlTemplate\":\"https:\\\/\\\/www.westrockcoffee.com\\\/pt-pt\\\/?s={search_term_string}\"},\"query-input\":{\"@type\":\"PropertyValueSpecification\",\"valueRequired\":true,\"valueName\":\"search_term_string\"}}],\"inLanguage\":\"pt-PT\"},{\"@type\":\"Person\",\"@id\":\"https:\\\/\\\/www.westrockcoffee.com\\\/pt-pt\\\/#\\\/schema\\\/person\\\/a7b148eae8e3373a9d443df29d8ed7c9\",\"name\":\"Westrock Marketing Team\",\"image\":{\"@type\":\"ImageObject\",\"inLanguage\":\"pt-PT\",\"@id\":\"https:\\\/\\\/www.westrockcoffee.com\\\/wp-content\\\/uploads\\\/2024\\\/09\\\/wr-placeholder.png3df4b92e9197ab443e68415227af4f7e\",\"url\":\"https:\\\/\\\/www.westrockcoffee.com\\\/wp-content\\\/uploads\\\/2024\\\/09\\\/wr-placeholder.png\",\"contentUrl\":\"https:\\\/\\\/www.westrockcoffee.com\\\/wp-content\\\/uploads\\\/2024\\\/09\\\/wr-placeholder.png\",\"caption\":\"Westrock Marketing Team\"},\"url\":\"https:\\\/\\\/www.westrockcoffee.com\\\/pt-pt\\\/author\\\/ejones\\\/\"}]}<\/script>\n<!-- \/ Yoast SEO plugin. -->","yoast_head_json":{"title":"Destaque da Nicar\u00e1gua, junho de 2024 | Westrock Coffee","robots":{"index":"index","follow":"follow","max-snippet":"max-snippet:-1","max-image-preview":"max-image-preview:large","max-video-preview":"max-video-preview:-1"},"canonical":"https:\/\/www.westrockcoffee.com\/pt-pt\/destaque-da-nicaragua-junho-de-2024\/","og_locale":"pt_PT","og_type":"article","og_title":"Destaque da Nicar\u00e1gua, junho de 2024 | Westrock Coffee","og_description":"O pr\u00f3ximo destaque da Westrock Coffee sobre a origem do caf\u00e9 \u00e9 o maior pa\u00eds da Am\u00e9rica Central, a Nicar\u00e1gua. Composta por plan\u00edcies do Pac\u00edfico, planaltos centrais e plan\u00edcies das Cara\u00edbas, a Nicar\u00e1gua alberga uma variedade de climas e ecossistemas. A produ\u00e7\u00e3o de caf\u00e9 ocorre em todo o pa\u00eds, mas Jinotega, Matagalpa e Nueva Segovia [&hellip;]","og_url":"https:\/\/www.westrockcoffee.com\/pt-pt\/destaque-da-nicaragua-junho-de-2024\/","og_site_name":"Westrock Coffee","article_published_time":"2024-06-10T23:27:20+00:00","article_modified_time":"2025-05-20T06:39:28+00:00","og_image":[{"width":2000,"height":1498,"url":"https:\/\/www.westrockcoffee.com\/wp-content\/uploads\/2024\/09\/nicaragua-highlight-featured.jpg","type":"image\/jpeg"}],"author":"Westrock Marketing Team","twitter_card":"summary_large_image","twitter_misc":{"Written by":"Westrock Marketing Team","Est. reading time":"3 minutos"},"schema":{"@context":"https:\/\/schema.org","@graph":[{"@type":"Article","@id":"https:\/\/www.westrockcoffee.com\/pt-pt\/destaque-da-nicaragua-junho-de-2024\/#article","isPartOf":{"@id":"https:\/\/www.westrockcoffee.com\/pt-pt\/destaque-da-nicaragua-junho-de-2024\/"},"author":{"name":"Westrock Marketing Team","@id":"https:\/\/www.westrockcoffee.com\/pt-pt\/#\/schema\/person\/a7b148eae8e3373a9d443df29d8ed7c9"},"headline":"Destaque da Nicar\u00e1gua, junho de 2024","datePublished":"2024-06-10T23:27:20+00:00","dateModified":"2025-05-20T06:39:28+00:00","mainEntityOfPage":{"@id":"https:\/\/www.westrockcoffee.com\/pt-pt\/destaque-da-nicaragua-junho-de-2024\/"},"wordCount":580,"image":{"@id":"https:\/\/www.westrockcoffee.com\/pt-pt\/destaque-da-nicaragua-junho-de-2024\/#primaryimage"},"thumbnailUrl":"https:\/\/www.westrockcoffee.com\/wp-content\/uploads\/2024\/09\/nicaragua-highlight-featured.jpg","articleSection":["Sustentabilidade"],"inLanguage":"pt-PT"},{"@type":"WebPage","@id":"https:\/\/www.westrockcoffee.com\/pt-pt\/destaque-da-nicaragua-junho-de-2024\/","url":"https:\/\/www.westrockcoffee.com\/pt-pt\/destaque-da-nicaragua-junho-de-2024\/","name":"Destaque da Nicar\u00e1gua, junho de 2024 | Westrock Coffee","isPartOf":{"@id":"https:\/\/www.westrockcoffee.com\/pt-pt\/#website"},"primaryImageOfPage":{"@id":"https:\/\/www.westrockcoffee.com\/pt-pt\/destaque-da-nicaragua-junho-de-2024\/#primaryimage"},"image":{"@id":"https:\/\/www.westrockcoffee.com\/pt-pt\/destaque-da-nicaragua-junho-de-2024\/#primaryimage"},"thumbnailUrl":"https:\/\/www.westrockcoffee.com\/wp-content\/uploads\/2024\/09\/nicaragua-highlight-featured.jpg","datePublished":"2024-06-10T23:27:20+00:00","dateModified":"2025-05-20T06:39:28+00:00","author":{"@id":"https:\/\/www.westrockcoffee.com\/pt-pt\/#\/schema\/person\/a7b148eae8e3373a9d443df29d8ed7c9"},"breadcrumb":{"@id":"https:\/\/www.westrockcoffee.com\/pt-pt\/destaque-da-nicaragua-junho-de-2024\/#breadcrumb"},"inLanguage":"pt-PT","potentialAction":[{"@type":"ReadAction","target":["https:\/\/www.westrockcoffee.com\/pt-pt\/destaque-da-nicaragua-junho-de-2024\/"]}]},{"@type":"ImageObject","inLanguage":"pt-PT","@id":"https:\/\/www.westrockcoffee.com\/pt-pt\/destaque-da-nicaragua-junho-de-2024\/#primaryimage","url":"https:\/\/www.westrockcoffee.com\/wp-content\/uploads\/2024\/09\/nicaragua-highlight-featured.jpg","contentUrl":"https:\/\/www.westrockcoffee.com\/wp-content\/uploads\/2024\/09\/nicaragua-highlight-featured.jpg","width":2000,"height":1498},{"@type":"BreadcrumbList","@id":"https:\/\/www.westrockcoffee.com\/pt-pt\/destaque-da-nicaragua-junho-de-2024\/#breadcrumb","itemListElement":[{"@type":"ListItem","position":1,"name":"Casa","item":"https:\/\/www.westrockcoffee.com\/pt-pt\/"},{"@type":"ListItem","position":2,"name":"Destaque da Nicar\u00e1gua, junho de 2024"}]},{"@type":"WebSite","@id":"https:\/\/www.westrockcoffee.com\/pt-pt\/#website","url":"https:\/\/www.westrockcoffee.com\/pt-pt\/","name":"Westrock Coffee","description":"","potentialAction":[{"@type":"SearchAction","target":{"@type":"EntryPoint","urlTemplate":"https:\/\/www.westrockcoffee.com\/pt-pt\/?s={search_term_string}"},"query-input":{"@type":"PropertyValueSpecification","valueRequired":true,"valueName":"search_term_string"}}],"inLanguage":"pt-PT"},{"@type":"Person","@id":"https:\/\/www.westrockcoffee.com\/pt-pt\/#\/schema\/person\/a7b148eae8e3373a9d443df29d8ed7c9","name":"Westrock Marketing Team","image":{"@type":"ImageObject","inLanguage":"pt-PT","@id":"https:\/\/www.westrockcoffee.com\/wp-content\/uploads\/2024\/09\/wr-placeholder.png3df4b92e9197ab443e68415227af4f7e","url":"https:\/\/www.westrockcoffee.com\/wp-content\/uploads\/2024\/09\/wr-placeholder.png","contentUrl":"https:\/\/www.westrockcoffee.com\/wp-content\/uploads\/2024\/09\/wr-placeholder.png","caption":"Westrock Marketing Team"},"url":"https:\/\/www.westrockcoffee.com\/pt-pt\/author\/ejones\/"}]}},"authors":[{"term_id":55,"user_id":6,"is_guest":0,"slug":"ejones","display_name":"Westrock Marketing Team","avatar_url":{"url":"https:\/\/www.westrockcoffee.com\/wp-content\/uploads\/2024\/09\/wr-placeholder.png","url2x":"https:\/\/www.westrockcoffee.com\/wp-content\/uploads\/2024\/09\/wr-placeholder.png"},"0":null,"1":"","2":"","3":"","4":"","5":"","6":"","7":"","8":""}],"_links":{"self":[{"href":"https:\/\/www.westrockcoffee.com\/pt-pt\/wp-json\/wp\/v2\/posts\/6941","targetHints":{"allow":["GET"]}}],"collection":[{"href":"https:\/\/www.westrockcoffee.com\/pt-pt\/wp-json\/wp\/v2\/posts"}],"about":[{"href":"https:\/\/www.westrockcoffee.com\/pt-pt\/wp-json\/wp\/v2\/types\/post"}],"author":[{"embeddable":true,"href":"https:\/\/www.westrockcoffee.com\/pt-pt\/wp-json\/wp\/v2\/users\/6"}],"replies":[{"embeddable":true,"href":"https:\/\/www.westrockcoffee.com\/pt-pt\/wp-json\/wp\/v2\/comments?post=6941"}],"version-history":[{"count":0,"href":"https:\/\/www.westrockcoffee.com\/pt-pt\/wp-json\/wp\/v2\/posts\/6941\/revisions"}],"wp:featuredmedia":[{"embeddable":true,"href":"https:\/\/www.westrockcoffee.com\/pt-pt\/wp-json\/wp\/v2\/media\/6942"}],"wp:attachment":[{"href":"https:\/\/www.westrockcoffee.com\/pt-pt\/wp-json\/wp\/v2\/media?parent=6941"}],"wp:term":[{"taxonomy":"category","embeddable":true,"href":"https:\/\/www.westrockcoffee.com\/pt-pt\/wp-json\/wp\/v2\/categories?post=6941"},{"taxonomy":"post_tag","embeddable":true,"href":"https:\/\/www.westrockcoffee.com\/pt-pt\/wp-json\/wp\/v2\/tags?post=6941"},{"taxonomy":"author","embeddable":true,"href":"https:\/\/www.westrockcoffee.com\/pt-pt\/wp-json\/wp\/v2\/ppma_author?post=6941"}],"curies":[{"name":"wp","href":"https:\/\/api.w.org\/{rel}","templated":true}]}}