{"id":7104,"date":"2023-01-13T19:39:54","date_gmt":"2023-01-14T00:39:54","guid":{"rendered":"https:\/\/westrockcoffee.wpenginepowered.com\/news\/13-de-janeiro-de-2023-cafe-relatorio-de-mercado-de-cha\/"},"modified":"2025-05-20T05:53:44","modified_gmt":"2025-05-20T10:53:44","slug":"13-de-janeiro-de-2023-cafe-relatorio-de-mercado-de-cha","status":"publish","type":"news","link":"https:\/\/www.westrockcoffee.com\/pt-pt\/news\/13-de-janeiro-de-2023-cafe-relatorio-de-mercado-de-cha\/","title":{"rendered":"13 DE JANEIRO DE 2023 CAF\u00c9 &amp; RELAT\u00d3RIO DE MERCADO DE CH\u00c1"},"content":{"rendered":"\n<p>\u00a0<\/p>\n\n<h2 class=\"wp-block-heading\"><strong><img decoding=\"async\" style=\"display: block; margin-left: auto; margin-right: auto;\" src=\"https:\/\/www.westrockcoffee.com\/wp-content\/uploads\/2024\/09\/WCC_Weekly_Coffee_Tea_Report-Header-16-9_2048x2048_413b644f-5f8e-4820-8600-0a991cd4b7e6_1024x1024.webp\" alt=\"\"\/><\/strong><\/h2>\n\n<h2 class=\"wp-block-heading\"><strong>Mercado do Caf\u00e9 <\/strong><strong> <\/strong><\/h2>\n\n<p>O mercado C teve uma semana extremamente vol\u00e1til, com os fundos e especuladores a agirem desenfreadamente. Os pre\u00e7os atingiram o m\u00ednimo em vinte e um meses, uma vez que os especuladores liquidaram inicialmente posi\u00e7\u00f5es longas, mas acabaram por adicionar posi\u00e7\u00f5es curtas de forma agressiva. A expira\u00e7\u00e3o da op\u00e7\u00e3o de fevereiro de hoje adicionou combust\u00edvel \u00e0 medida que o mercado declinava. As compras da ind\u00fastria foram bastante modestas na queda, o que ajudou no decl\u00ednio. Assim que as vendas diminu\u00edram, o mercado registou rapidamente ganhos, uma vez que as compras do sector se tornaram mais agressivas e provocaram alguma cobertura curta por parte dos especuladores mais pequenos. O movimento revelou-se modesto e o mercado acalmou antes do feriado prolongado (encerrado na segunda-feira, dia de Martin Luther King). N\u00e3o h\u00e1 realmente novidades no lado f\u00edsico do mercado, pois este parece ainda estar na estagna\u00e7\u00e3o das festas de fim de ano. O decl\u00ednio do mercado fez com que as diferen\u00e7as j\u00e1 firmes se mantivessem est\u00e1veis, mas ainda h\u00e1 pouco interesse de venda. Com o fluxo das colheitas da Am\u00e9rica Central, o mercado est\u00e1 de olho na colheita da mitaca colombiana. A expectativa \u00e9 que o volume des\u00e7a cerca de 10-15%, uma vez que o excesso de chuvas afetou o desenvolvimento. A colheita brasileira continua a ter clima favor\u00e1vel. Uma previs\u00e3o da ind\u00fastria esta semana \u00e9 que a colheita brasileira reequilibre a oferta e a procura ap\u00f3s dois anos consecutivos de d\u00e9fice. O cen\u00e1rio macro continua vol\u00e1til. Foram divulgados alguns dados favor\u00e1veis \u200b\u200bde infla\u00e7\u00e3o, e muitos mercados terminaram a semana com uma pequena subida.             <\/p>\n\n<p>Tecnicamente, o mercado entrou em territ\u00f3rio de sobrevenda com a fraqueza inicial. A modesta recupera\u00e7\u00e3o foi suficiente para gerar alguns sinais fracos de compra, mas, no geral, o mercado mant\u00e9m-se numa postura negativa no final da semana. Os padr\u00f5es gr\u00e1ficos mostram que o decl\u00ednio se estendeu para al\u00e9m do esperado e est\u00e3o a sugerir uma recupera\u00e7\u00e3o em breve, mas n\u00e3o h\u00e1 sinais de uma revers\u00e3o significativa pr\u00f3xima. \u00c9 de esperar que as coisas fiquem inst\u00e1veis \u200b\u200bnos pr\u00f3ximos dias. No geral, embora n\u00e3o haja otimismo nos gr\u00e1ficos neste momento, ainda considerar\u00edamos os n\u00edveis atuais como um bom valor para estender a cobertura de forma medida. Um cen\u00e1rio equilibrado de oferta e procura para o segundo semestre do ano n\u00e3o aponta para n\u00edveis inferiores aos que estamos a assistir. As perdas adicionais n\u00e3o podem ser descartadas, \u00e9 claro, mas devem ser dif\u00edceis de manter. A volatilidade ir\u00e1 provavelmente aumentar nas pr\u00f3ximas semanas, pelo que \u00e9 preciso ter cautela.       <\/p>\n\n<h2 class=\"wp-block-heading\"><strong>Mercado do Ch\u00e1<\/strong><\/h2>\n\n<p>Ainda n\u00e3o houve muitas altera\u00e7\u00f5es no Mercado do Ch\u00e1. Os ch\u00e1s de qualidade inferior continuam a atrair pouco interesse, enquanto a actividade de qualidade superior \u00e9 boa, com pre\u00e7os ligeiramente mais baixos. A produ\u00e7\u00e3o global geral parece est\u00e1vel, exceto na Argentina. A colheita na Argentina come\u00e7ou lentamente devido \u00e0s m\u00e1s condi\u00e7\u00f5es meteorol\u00f3gicas. Esta \u00e9 uma preocupa\u00e7\u00e3o n\u00e3o s\u00f3 pelas necessidades atuais, mas pela falta de stocks dispon\u00edveis. Parte do d\u00e9fice de produ\u00e7\u00e3o da \u00e9poca passada foi compensado, mas, no geral, as coisas est\u00e3o atrasadas. No entanto, a melhoria do clima est\u00e1 a gerar algum otimismo. As pr\u00f3ximas semanas ser\u00e3o cruciais.        <\/p>\n\n<p>Para mais informa\u00e7\u00f5es e an\u00e1lises sobre os dados atuais do mercado de caf\u00e9 e ch\u00e1, consulte o<a href=\"https:\/\/www.westrockcoffee.com\/wp-content\/uploads\/2024\/10\/Westrock_Coffee_Report-_Week_of_Janury_9_to_January_13_2023.pdf\"> relat\u00f3rio semanal<\/a> da equipa de commodities da Westrock Coffee.<\/p>\n","protected":false},"excerpt":{"rendered":"<p>\u00a0 Mercado do Caf\u00e9 O mercado C teve uma semana extremamente vol\u00e1til, com os fundos e especuladores a agirem desenfreadamente. Os pre\u00e7os atingiram o m\u00ednimo em vinte e um meses, uma vez que os especuladores liquidaram inicialmente posi\u00e7\u00f5es longas, mas acabaram por adicionar posi\u00e7\u00f5es curtas de forma agressiva. A expira\u00e7\u00e3o da op\u00e7\u00e3o de fevereiro de [&hellip;]<\/p>\n","protected":false},"author":9,"featured_media":0,"template":"","meta":{"_acf_changed":false,"content-type":""},"categories":[191],"tags":[],"ppma_author":[45],"class_list":["post-7104","news","type-news","status-publish","hentry","category-relatorios-de-mercado"],"acf":[],"yoast_head":"<!-- This site is optimized with the Yoast SEO plugin v27.5 - https:\/\/yoast.com\/product\/yoast-seo-wordpress\/ -->\n<title>13 DE JANEIRO DE 2023 CAF\u00c9 &amp; RELAT\u00d3RIO DE MERCADO DE CH\u00c1 % | Westrock Coffee<\/title>\n<meta name=\"robots\" content=\"index, follow, max-snippet:-1, max-image-preview:large, max-video-preview:-1\" \/>\n<link rel=\"canonical\" href=\"https:\/\/www.westrockcoffee.com\/pt-pt\/news\/13-de-janeiro-de-2023-cafe-relatorio-de-mercado-de-cha\/\" \/>\n<meta property=\"og:locale\" content=\"pt_PT\" \/>\n<meta property=\"og:type\" content=\"article\" \/>\n<meta property=\"og:title\" content=\"13 DE JANEIRO DE 2023 CAF\u00c9 &amp; RELAT\u00d3RIO DE MERCADO DE CH\u00c1 % | Westrock Coffee\" \/>\n<meta property=\"og:description\" content=\"\u00a0 Mercado do Caf\u00e9 O mercado C teve uma semana extremamente vol\u00e1til, com os fundos e especuladores a agirem desenfreadamente. Os pre\u00e7os atingiram o m\u00ednimo em vinte e um meses, uma vez que os especuladores liquidaram inicialmente posi\u00e7\u00f5es longas, mas acabaram por adicionar posi\u00e7\u00f5es curtas de forma agressiva. A expira\u00e7\u00e3o da op\u00e7\u00e3o de fevereiro de [&hellip;]\" \/>\n<meta property=\"og:url\" content=\"https:\/\/www.westrockcoffee.com\/pt-pt\/news\/13-de-janeiro-de-2023-cafe-relatorio-de-mercado-de-cha\/\" \/>\n<meta property=\"og:site_name\" content=\"Westrock Coffee\" \/>\n<meta property=\"article:modified_time\" content=\"2025-05-20T10:53:44+00:00\" \/>\n<meta property=\"og:image\" content=\"https:\/\/www.westrockcoffee.com\/wp-content\/uploads\/2024\/09\/WCC_Weekly_Coffee_Tea_Report-Header-16-9_2048x2048_413b644f-5f8e-4820-8600-0a991cd4b7e6_1024x1024.webp\" \/>\n<meta name=\"twitter:card\" content=\"summary_large_image\" \/>\n<meta name=\"twitter:label1\" content=\"Est. reading time\" \/>\n\t<meta name=\"twitter:data1\" content=\"3 minutos\" \/>\n<script type=\"application\/ld+json\" class=\"yoast-schema-graph\">{\"@context\":\"https:\\\/\\\/schema.org\",\"@graph\":[{\"@type\":\"WebPage\",\"@id\":\"https:\\\/\\\/www.westrockcoffee.com\\\/pt-pt\\\/news\\\/13-de-janeiro-de-2023-cafe-relatorio-de-mercado-de-cha\\\/\",\"url\":\"https:\\\/\\\/www.westrockcoffee.com\\\/pt-pt\\\/news\\\/13-de-janeiro-de-2023-cafe-relatorio-de-mercado-de-cha\\\/\",\"name\":\"13 DE JANEIRO DE 2023 CAF\u00c9 &amp; RELAT\u00d3RIO DE MERCADO DE CH\u00c1 % | Westrock Coffee\",\"isPartOf\":{\"@id\":\"https:\\\/\\\/www.westrockcoffee.com\\\/pt-pt\\\/#website\"},\"primaryImageOfPage\":{\"@id\":\"https:\\\/\\\/www.westrockcoffee.com\\\/pt-pt\\\/news\\\/13-de-janeiro-de-2023-cafe-relatorio-de-mercado-de-cha\\\/#primaryimage\"},\"image\":{\"@id\":\"https:\\\/\\\/www.westrockcoffee.com\\\/pt-pt\\\/news\\\/13-de-janeiro-de-2023-cafe-relatorio-de-mercado-de-cha\\\/#primaryimage\"},\"thumbnailUrl\":\"https:\\\/\\\/www.westrockcoffee.com\\\/wp-content\\\/uploads\\\/2024\\\/09\\\/WCC_Weekly_Coffee_Tea_Report-Header-16-9_2048x2048_413b644f-5f8e-4820-8600-0a991cd4b7e6_1024x1024.webp\",\"datePublished\":\"2023-01-14T00:39:54+00:00\",\"dateModified\":\"2025-05-20T10:53:44+00:00\",\"breadcrumb\":{\"@id\":\"https:\\\/\\\/www.westrockcoffee.com\\\/pt-pt\\\/news\\\/13-de-janeiro-de-2023-cafe-relatorio-de-mercado-de-cha\\\/#breadcrumb\"},\"inLanguage\":\"pt-PT\",\"potentialAction\":[{\"@type\":\"ReadAction\",\"target\":[\"https:\\\/\\\/www.westrockcoffee.com\\\/pt-pt\\\/news\\\/13-de-janeiro-de-2023-cafe-relatorio-de-mercado-de-cha\\\/\"]}]},{\"@type\":\"ImageObject\",\"inLanguage\":\"pt-PT\",\"@id\":\"https:\\\/\\\/www.westrockcoffee.com\\\/pt-pt\\\/news\\\/13-de-janeiro-de-2023-cafe-relatorio-de-mercado-de-cha\\\/#primaryimage\",\"url\":\"https:\\\/\\\/www.westrockcoffee.com\\\/wp-content\\\/uploads\\\/2024\\\/09\\\/WCC_Weekly_Coffee_Tea_Report-Header-16-9_2048x2048_413b644f-5f8e-4820-8600-0a991cd4b7e6_1024x1024.webp\",\"contentUrl\":\"https:\\\/\\\/www.westrockcoffee.com\\\/wp-content\\\/uploads\\\/2024\\\/09\\\/WCC_Weekly_Coffee_Tea_Report-Header-16-9_2048x2048_413b644f-5f8e-4820-8600-0a991cd4b7e6_1024x1024.webp\"},{\"@type\":\"BreadcrumbList\",\"@id\":\"https:\\\/\\\/www.westrockcoffee.com\\\/pt-pt\\\/news\\\/13-de-janeiro-de-2023-cafe-relatorio-de-mercado-de-cha\\\/#breadcrumb\",\"itemListElement\":[{\"@type\":\"ListItem\",\"position\":1,\"name\":\"Casa\",\"item\":\"https:\\\/\\\/www.westrockcoffee.com\\\/pt-pt\\\/\"},{\"@type\":\"ListItem\",\"position\":2,\"name\":\"13 DE JANEIRO DE 2023 CAF\u00c9 &amp; RELAT\u00d3RIO DE MERCADO DE CH\u00c1\"}]},{\"@type\":\"WebSite\",\"@id\":\"https:\\\/\\\/www.westrockcoffee.com\\\/pt-pt\\\/#website\",\"url\":\"https:\\\/\\\/www.westrockcoffee.com\\\/pt-pt\\\/\",\"name\":\"Westrock Coffee\",\"description\":\"\",\"potentialAction\":[{\"@type\":\"SearchAction\",\"target\":{\"@type\":\"EntryPoint\",\"urlTemplate\":\"https:\\\/\\\/www.westrockcoffee.com\\\/pt-pt\\\/?s={search_term_string}\"},\"query-input\":{\"@type\":\"PropertyValueSpecification\",\"valueRequired\":true,\"valueName\":\"search_term_string\"}}],\"inLanguage\":\"pt-PT\"}]}<\/script>\n<!-- \/ Yoast SEO plugin. -->","yoast_head_json":{"title":"13 DE JANEIRO DE 2023 CAF\u00c9 &amp; RELAT\u00d3RIO DE MERCADO DE CH\u00c1 % | Westrock Coffee","robots":{"index":"index","follow":"follow","max-snippet":"max-snippet:-1","max-image-preview":"max-image-preview:large","max-video-preview":"max-video-preview:-1"},"canonical":"https:\/\/www.westrockcoffee.com\/pt-pt\/news\/13-de-janeiro-de-2023-cafe-relatorio-de-mercado-de-cha\/","og_locale":"pt_PT","og_type":"article","og_title":"13 DE JANEIRO DE 2023 CAF\u00c9 &amp; RELAT\u00d3RIO DE MERCADO DE CH\u00c1 % | Westrock Coffee","og_description":"\u00a0 Mercado do Caf\u00e9 O mercado C teve uma semana extremamente vol\u00e1til, com os fundos e especuladores a agirem desenfreadamente. Os pre\u00e7os atingiram o m\u00ednimo em vinte e um meses, uma vez que os especuladores liquidaram inicialmente posi\u00e7\u00f5es longas, mas acabaram por adicionar posi\u00e7\u00f5es curtas de forma agressiva. A expira\u00e7\u00e3o da op\u00e7\u00e3o de fevereiro de [&hellip;]","og_url":"https:\/\/www.westrockcoffee.com\/pt-pt\/news\/13-de-janeiro-de-2023-cafe-relatorio-de-mercado-de-cha\/","og_site_name":"Westrock Coffee","article_modified_time":"2025-05-20T10:53:44+00:00","og_image":[{"url":"https:\/\/www.westrockcoffee.com\/wp-content\/uploads\/2024\/09\/WCC_Weekly_Coffee_Tea_Report-Header-16-9_2048x2048_413b644f-5f8e-4820-8600-0a991cd4b7e6_1024x1024.webp","type":"","width":"","height":""}],"twitter_card":"summary_large_image","twitter_misc":{"Est. reading time":"3 minutos"},"schema":{"@context":"https:\/\/schema.org","@graph":[{"@type":"WebPage","@id":"https:\/\/www.westrockcoffee.com\/pt-pt\/news\/13-de-janeiro-de-2023-cafe-relatorio-de-mercado-de-cha\/","url":"https:\/\/www.westrockcoffee.com\/pt-pt\/news\/13-de-janeiro-de-2023-cafe-relatorio-de-mercado-de-cha\/","name":"13 DE JANEIRO DE 2023 CAF\u00c9 &amp; RELAT\u00d3RIO DE MERCADO DE CH\u00c1 % | Westrock Coffee","isPartOf":{"@id":"https:\/\/www.westrockcoffee.com\/pt-pt\/#website"},"primaryImageOfPage":{"@id":"https:\/\/www.westrockcoffee.com\/pt-pt\/news\/13-de-janeiro-de-2023-cafe-relatorio-de-mercado-de-cha\/#primaryimage"},"image":{"@id":"https:\/\/www.westrockcoffee.com\/pt-pt\/news\/13-de-janeiro-de-2023-cafe-relatorio-de-mercado-de-cha\/#primaryimage"},"thumbnailUrl":"https:\/\/www.westrockcoffee.com\/wp-content\/uploads\/2024\/09\/WCC_Weekly_Coffee_Tea_Report-Header-16-9_2048x2048_413b644f-5f8e-4820-8600-0a991cd4b7e6_1024x1024.webp","datePublished":"2023-01-14T00:39:54+00:00","dateModified":"2025-05-20T10:53:44+00:00","breadcrumb":{"@id":"https:\/\/www.westrockcoffee.com\/pt-pt\/news\/13-de-janeiro-de-2023-cafe-relatorio-de-mercado-de-cha\/#breadcrumb"},"inLanguage":"pt-PT","potentialAction":[{"@type":"ReadAction","target":["https:\/\/www.westrockcoffee.com\/pt-pt\/news\/13-de-janeiro-de-2023-cafe-relatorio-de-mercado-de-cha\/"]}]},{"@type":"ImageObject","inLanguage":"pt-PT","@id":"https:\/\/www.westrockcoffee.com\/pt-pt\/news\/13-de-janeiro-de-2023-cafe-relatorio-de-mercado-de-cha\/#primaryimage","url":"https:\/\/www.westrockcoffee.com\/wp-content\/uploads\/2024\/09\/WCC_Weekly_Coffee_Tea_Report-Header-16-9_2048x2048_413b644f-5f8e-4820-8600-0a991cd4b7e6_1024x1024.webp","contentUrl":"https:\/\/www.westrockcoffee.com\/wp-content\/uploads\/2024\/09\/WCC_Weekly_Coffee_Tea_Report-Header-16-9_2048x2048_413b644f-5f8e-4820-8600-0a991cd4b7e6_1024x1024.webp"},{"@type":"BreadcrumbList","@id":"https:\/\/www.westrockcoffee.com\/pt-pt\/news\/13-de-janeiro-de-2023-cafe-relatorio-de-mercado-de-cha\/#breadcrumb","itemListElement":[{"@type":"ListItem","position":1,"name":"Casa","item":"https:\/\/www.westrockcoffee.com\/pt-pt\/"},{"@type":"ListItem","position":2,"name":"13 DE JANEIRO DE 2023 CAF\u00c9 &amp; RELAT\u00d3RIO DE MERCADO DE CH\u00c1"}]},{"@type":"WebSite","@id":"https:\/\/www.westrockcoffee.com\/pt-pt\/#website","url":"https:\/\/www.westrockcoffee.com\/pt-pt\/","name":"Westrock Coffee","description":"","potentialAction":[{"@type":"SearchAction","target":{"@type":"EntryPoint","urlTemplate":"https:\/\/www.westrockcoffee.com\/pt-pt\/?s={search_term_string}"},"query-input":{"@type":"PropertyValueSpecification","valueRequired":true,"valueName":"search_term_string"}}],"inLanguage":"pt-PT"}]}},"_links":{"self":[{"href":"https:\/\/www.westrockcoffee.com\/pt-pt\/wp-json\/wp\/v2\/news\/7104","targetHints":{"allow":["GET"]}}],"collection":[{"href":"https:\/\/www.westrockcoffee.com\/pt-pt\/wp-json\/wp\/v2\/news"}],"about":[{"href":"https:\/\/www.westrockcoffee.com\/pt-pt\/wp-json\/wp\/v2\/types\/news"}],"author":[{"embeddable":true,"href":"https:\/\/www.westrockcoffee.com\/pt-pt\/wp-json\/wp\/v2\/users\/9"}],"wp:attachment":[{"href":"https:\/\/www.westrockcoffee.com\/pt-pt\/wp-json\/wp\/v2\/media?parent=7104"}],"wp:term":[{"taxonomy":"category","embeddable":true,"href":"https:\/\/www.westrockcoffee.com\/pt-pt\/wp-json\/wp\/v2\/categories?post=7104"},{"taxonomy":"post_tag","embeddable":true,"href":"https:\/\/www.westrockcoffee.com\/pt-pt\/wp-json\/wp\/v2\/tags?post=7104"},{"taxonomy":"author","embeddable":true,"href":"https:\/\/www.westrockcoffee.com\/pt-pt\/wp-json\/wp\/v2\/ppma_author?post=7104"}],"curies":[{"name":"wp","href":"https:\/\/api.w.org\/{rel}","templated":true}]}}