{"id":4110,"date":"2025-04-01T09:34:00","date_gmt":"2025-04-01T14:34:00","guid":{"rendered":"https:\/\/westrockcoffee.wpenginepowered.com\/sentimientos-intestinales-prebioticos-y-probioticos-en-tu-brebaje-diario\/"},"modified":"2025-05-20T02:16:03","modified_gmt":"2025-05-20T07:16:03","slug":"sentimientos-intestinales-prebioticos-y-probioticos-en-tu-brebaje-diario","status":"publish","type":"post","link":"https:\/\/www.westrockcoffee.com\/es\/sentimientos-intestinales-prebioticos-y-probioticos-en-tu-brebaje-diario\/","title":{"rendered":"Sentimientos intestinales: Prebi\u00f3ticos y Probi\u00f3ticos en tu Brebaje Diario"},"content":{"rendered":"\n<p>En la b\u00fasqueda del bienestar hol\u00edstico, la salud intestinal ha surgido como una piedra angular. Desde la digesti\u00f3n hasta la inmunidad, el microbioma intestinal desempe\u00f1a un papel fundamental en nuestro bienestar general. Cada vez m\u00e1s, los consumidores buscan formas c\u00f3modas de apoyar su salud intestinal, lo que ha llevado a la incorporaci\u00f3n de prebi\u00f3ticos y probi\u00f3ticos en bebidas cotidianas como el caf\u00e9 y el t\u00e9.  <\/p>\n\n<p><strong>\u00bfQu\u00e9 son los prebi\u00f3ticos y los probi\u00f3ticos?<\/strong><\/p>\n\n<ul class=\"wp-block-list\">\n<li><strong>Prebi\u00f3ticos:<\/strong> Son fibras no digeribles que act\u00faan como alimento para las bacterias intestinales beneficiosas (probi\u00f3ticos). Favorecen un microbioma intestinal sano, que es esencial para la salud general. Esencialmente, son alimento para las bacterias buenas de tu intestino.  <\/li>\n\n\n\n<li><strong>Probi\u00f3ticos:<\/strong> Son microorganismos vivos (bacterias y levaduras) que, consumidos en cantidades adecuadas, aportan beneficios para la salud, sobre todo para el aparato digestivo. Son las bacterias buenas vivas. <\/li>\n<\/ul>\n\n<p><strong>Ejemplos clave en bebidas:<\/strong><\/p>\n\n<ul class=\"wp-block-list\">\n<li><strong>Inulina:<\/strong> Un tipo de fibra prebi\u00f3tica que se encuentra en la ra\u00edz de achicoria, la cebolla, el ajo y otras plantas. A menudo se a\u00f1ade al caf\u00e9 y al t\u00e9 para favorecer la salud intestinal. <\/li>\n\n\n\n<li><strong>Cepas probi\u00f3ticas espec\u00edficas:<\/strong> Aunque son menos comunes en las bebidas calientes debido a su sensibilidad al calor, algunas cepas probi\u00f3ticas estables en almacenamiento se est\u00e1n incorporando a los productos de caf\u00e9 y t\u00e9 listos para beber (RTD). <em>El Bacillus coagulans<\/em> es un ejemplo m\u00e1s resistente al calor.<\/li>\n<\/ul>\n\n<p><strong>C\u00f3mo se utilizan:<\/strong><\/p>\n\n<p>Los prebi\u00f3ticos se utilizan m\u00e1s en el caf\u00e9 y el t\u00e9 que los probi\u00f3ticos porque son m\u00e1s estables al calor. Las fibras prebi\u00f3ticas como la inulina pueden a\u00f1adirse en polvo. Los probi\u00f3ticos son m\u00e1s dif\u00edciles de incorporar a las bebidas calientes, pero est\u00e1n apareciendo algunos productos RTD.  <\/p>\n\n<p><strong>La conexi\u00f3n intestino-bebida:<\/strong><\/p>\n\n<p>La incorporaci\u00f3n de prebi\u00f3ticos y probi\u00f3ticos a bebidas como el caf\u00e9 y el t\u00e9 ofrece una forma c\u00f3moda de apoyar la salud intestinal como parte de la rutina diaria. Los prebi\u00f3ticos, al ser termoestables, se mezclan perfectamente con las bebidas calientes, proporcionando alimento a las bacterias beneficiosas existentes en el intestino. Los probi\u00f3ticos, aunque m\u00e1s dif\u00edciles de incorporar debido a la sensibilidad al calor, se est\u00e1n abriendo camino en las f\u00f3rmulas RTD, ofreciendo una infusi\u00f3n directa de microorganismos beneficiosos vivos.  <\/p>\n\n<p><strong>Riesgos potenciales: Una r\u00e1pida revisi\u00f3n visceral<\/strong><\/p>\n\n<p>En general, los prebi\u00f3ticos y los probi\u00f3ticos son seguros, pero hay que tener en cuenta algunas cosas:<\/p>\n\n<ul class=\"wp-block-list\">\n<li>  Retumba la barriga: Los nuevos compa\u00f1eros intestinales pueden causar hinchaz\u00f3n temporal o gases.<\/li>\n\n\n\n<li>Alergias: Como cualquier alimento, las reacciones son posibles<\/li>\n\n\n\n<li>Peligro de calor: Los probi\u00f3ticos odian el calor, por lo que las bebidas calientes no son ideales.<\/li>\n\n\n\n<li>Cada persona es diferente: empieza despacio, escucha a tu instinto.<\/li>\n<\/ul>\n\n<p><strong>El futuro de las bebidas respetuosas con el intestino:<\/strong><\/p>\n\n<p>A medida que aumente la concienciaci\u00f3n de los consumidores sobre la salud intestinal, podemos esperar ver f\u00f3rmulas de bebidas a\u00fan m\u00e1s innovadoras y emocionantes. El futuro es prometedor para: <\/p>\n\n<ul class=\"wp-block-list\">\n<li><strong>Cepas probi\u00f3ticas mejoradas:<\/strong> Se est\u00e1 investigando el desarrollo de cepas probi\u00f3ticas termoestables que puedan soportar las temperaturas de las bebidas calientes.<\/li>\n\n\n\n<li><strong>Mezclas sin\u00e9rgicas:<\/strong> Combinaci\u00f3n de prebi\u00f3ticos y probi\u00f3ticos con otros ingredientes funcionales para potenciar sus beneficios.<\/li>\n\n\n\n<li><strong>Soluciones personalizadas para la salud intestinal:<\/strong> Adaptar las f\u00f3rmulas de las bebidas a los perfiles individuales del microbioma intestinal.<\/li>\n<\/ul>\n\n<p>La integraci\u00f3n de prebi\u00f3ticos y probi\u00f3ticos en las bebidas diarias ofrece una forma c\u00f3moda y eficaz de apoyar la salud intestinal. A medida que la investigaci\u00f3n sigue descubriendo la intrincada conexi\u00f3n entre el microbioma intestinal y el bienestar general, podemos esperar ver desarrollos a\u00fan m\u00e1s innovadores y emocionantes en este espacio. Si quieres saber c\u00f3mo estamos superando los l\u00edmites de la innovaci\u00f3n en bebidas, consulta m\u00e1s informaci\u00f3n <a href=\"https:\/\/www.westrockcoffee.com\/es\/capacidades\/innovacion\/\">aqu\u00ed <\/a>y descubre c\u00f3mo podemos ayudarte a crear la pr\u00f3xima generaci\u00f3n de bebidas respetuosas con el intestino.  <\/p>\n\n<p><strong>Referencias:<\/strong><\/p>\n\n<ul class=\"wp-block-list\">\n<li>Gibson, G. R., y Roberfroid, M. B. (1995). Modulaci\u00f3n diet\u00e9tica de la microbiota col\u00f3nica humana: introducci\u00f3n al concepto de prebi\u00f3ticos. *Journal of nutrition*, *125*(6), 1401-1412.  <\/li>\n\n\n\n<li>Hill, C., Guarner, F., Reid, G., Gibson, G. R., Merenstein, D. J., Pot, B., &#8230; &amp; Quigley, E. M. (2014). Documento de consenso de expertos: Declaraci\u00f3n de consenso de la Asociaci\u00f3n Cient\u00edfica Internacional de Probi\u00f3ticos y Prebi\u00f3ticos sobre el alcance y el uso adecuado del t\u00e9rmino probi\u00f3tico. *Nature reviews gastroenterology &amp; hepatology*, *11*(8), 506-514. J\u00e4ger, R., Aragon, A. A., Gualtieri, P., &amp; Purpura, M. (2018). Cepas y productos probi\u00f3ticos: aplicaci\u00f3n, definiciones y criterios para la alimentaci\u00f3n y los suplementos diet\u00e9ticos. *Nutrientes*, *10*(12), 1863     <\/li>\n<\/ul>\n","protected":false},"excerpt":{"rendered":"<p>En la b\u00fasqueda del bienestar hol\u00edstico, la salud intestinal ha surgido como una piedra angular. Desde la digesti\u00f3n hasta la inmunidad, el microbioma intestinal desempe\u00f1a un papel fundamental en nuestro bienestar general. Cada vez m\u00e1s, los consumidores buscan formas c\u00f3modas de apoyar su salud intestinal, lo que ha llevado a la incorporaci\u00f3n de prebi\u00f3ticos y [&hellip;]<\/p>\n","protected":false},"author":6,"featured_media":4111,"comment_status":"closed","ping_status":"closed","sticky":false,"template":"","format":"standard","meta":{"_acf_changed":false,"content-type":"","footnotes":""},"categories":[128,89],"tags":[],"ppma_author":[55],"class_list":["post-4110","post","type-post","status-publish","format-standard","has-post-thumbnail","hentry","category-blog-es","category-industry-expertise"],"acf":[],"yoast_head":"<!-- This site is optimized with the Yoast SEO plugin v27.5 - https:\/\/yoast.com\/product\/yoast-seo-wordpress\/ -->\n<title>Sentimientos intestinales: Prebi\u00f3ticos y Probi\u00f3ticos en tu Brebaje Diario | Westrock Coffee<\/title>\n<meta name=\"robots\" content=\"index, follow, max-snippet:-1, max-image-preview:large, max-video-preview:-1\" \/>\n<link rel=\"canonical\" href=\"https:\/\/www.westrockcoffee.com\/es\/sentimientos-intestinales-prebioticos-y-probioticos-en-tu-brebaje-diario\/\" \/>\n<meta property=\"og:locale\" content=\"es_ES\" \/>\n<meta property=\"og:type\" content=\"article\" \/>\n<meta property=\"og:title\" content=\"Sentimientos intestinales: Prebi\u00f3ticos y Probi\u00f3ticos en tu Brebaje Diario | Westrock Coffee\" \/>\n<meta property=\"og:description\" content=\"En la b\u00fasqueda del bienestar hol\u00edstico, la salud intestinal ha surgido como una piedra angular. Desde la digesti\u00f3n hasta la inmunidad, el microbioma intestinal desempe\u00f1a un papel fundamental en nuestro bienestar general. Cada vez m\u00e1s, los consumidores buscan formas c\u00f3modas de apoyar su salud intestinal, lo que ha llevado a la incorporaci\u00f3n de prebi\u00f3ticos y [&hellip;]\" \/>\n<meta property=\"og:url\" content=\"https:\/\/www.westrockcoffee.com\/es\/sentimientos-intestinales-prebioticos-y-probioticos-en-tu-brebaje-diario\/\" \/>\n<meta property=\"og:site_name\" content=\"Westrock Coffee\" \/>\n<meta property=\"article:published_time\" content=\"2025-04-01T14:34:00+00:00\" \/>\n<meta property=\"article:modified_time\" content=\"2025-05-20T07:16:03+00:00\" \/>\n<meta property=\"og:image\" content=\"https:\/\/www.westrockcoffee.com\/wp-content\/uploads\/2025\/03\/Gut-Feelings-Prebiotics-and-Probiotics-in-Your-Daily-Brew.jpg\" \/>\n\t<meta property=\"og:image:width\" content=\"1680\" \/>\n\t<meta property=\"og:image:height\" content=\"943\" \/>\n\t<meta property=\"og:image:type\" content=\"image\/jpeg\" \/>\n<meta name=\"author\" content=\"Westrock Marketing Team\" \/>\n<meta name=\"twitter:card\" content=\"summary_large_image\" \/>\n<meta name=\"twitter:label1\" content=\"Written by\" \/>\n\t<meta name=\"twitter:data1\" content=\"Westrock Marketing Team\" \/>\n\t<meta name=\"twitter:label2\" content=\"Est. reading time\" \/>\n\t<meta name=\"twitter:data2\" content=\"4 minutos\" \/>\n<script type=\"application\/ld+json\" class=\"yoast-schema-graph\">{\"@context\":\"https:\\\/\\\/schema.org\",\"@graph\":[{\"@type\":\"Article\",\"@id\":\"https:\\\/\\\/www.westrockcoffee.com\\\/es\\\/sentimientos-intestinales-prebioticos-y-probioticos-en-tu-brebaje-diario\\\/#article\",\"isPartOf\":{\"@id\":\"https:\\\/\\\/www.westrockcoffee.com\\\/es\\\/sentimientos-intestinales-prebioticos-y-probioticos-en-tu-brebaje-diario\\\/\"},\"author\":{\"name\":\"Westrock Marketing Team\",\"@id\":\"https:\\\/\\\/www.westrockcoffee.com\\\/es\\\/#\\\/schema\\\/person\\\/a7b148eae8e3373a9d443df29d8ed7c9\"},\"headline\":\"Sentimientos intestinales: Prebi\u00f3ticos y Probi\u00f3ticos en tu Brebaje Diario\",\"datePublished\":\"2025-04-01T14:34:00+00:00\",\"dateModified\":\"2025-05-20T07:16:03+00:00\",\"mainEntityOfPage\":{\"@id\":\"https:\\\/\\\/www.westrockcoffee.com\\\/es\\\/sentimientos-intestinales-prebioticos-y-probioticos-en-tu-brebaje-diario\\\/\"},\"wordCount\":813,\"image\":{\"@id\":\"https:\\\/\\\/www.westrockcoffee.com\\\/es\\\/sentimientos-intestinales-prebioticos-y-probioticos-en-tu-brebaje-diario\\\/#primaryimage\"},\"thumbnailUrl\":\"https:\\\/\\\/www.westrockcoffee.com\\\/wp-content\\\/uploads\\\/2025\\\/03\\\/Gut-Feelings-Prebiotics-and-Probiotics-in-Your-Daily-Brew.jpg\",\"articleSection\":[\"Blog\",\"Industry Expertise\"],\"inLanguage\":\"es\"},{\"@type\":\"WebPage\",\"@id\":\"https:\\\/\\\/www.westrockcoffee.com\\\/es\\\/sentimientos-intestinales-prebioticos-y-probioticos-en-tu-brebaje-diario\\\/\",\"url\":\"https:\\\/\\\/www.westrockcoffee.com\\\/es\\\/sentimientos-intestinales-prebioticos-y-probioticos-en-tu-brebaje-diario\\\/\",\"name\":\"Sentimientos intestinales: Prebi\u00f3ticos y Probi\u00f3ticos en tu Brebaje Diario | Westrock Coffee\",\"isPartOf\":{\"@id\":\"https:\\\/\\\/www.westrockcoffee.com\\\/es\\\/#website\"},\"primaryImageOfPage\":{\"@id\":\"https:\\\/\\\/www.westrockcoffee.com\\\/es\\\/sentimientos-intestinales-prebioticos-y-probioticos-en-tu-brebaje-diario\\\/#primaryimage\"},\"image\":{\"@id\":\"https:\\\/\\\/www.westrockcoffee.com\\\/es\\\/sentimientos-intestinales-prebioticos-y-probioticos-en-tu-brebaje-diario\\\/#primaryimage\"},\"thumbnailUrl\":\"https:\\\/\\\/www.westrockcoffee.com\\\/wp-content\\\/uploads\\\/2025\\\/03\\\/Gut-Feelings-Prebiotics-and-Probiotics-in-Your-Daily-Brew.jpg\",\"datePublished\":\"2025-04-01T14:34:00+00:00\",\"dateModified\":\"2025-05-20T07:16:03+00:00\",\"author\":{\"@id\":\"https:\\\/\\\/www.westrockcoffee.com\\\/es\\\/#\\\/schema\\\/person\\\/a7b148eae8e3373a9d443df29d8ed7c9\"},\"breadcrumb\":{\"@id\":\"https:\\\/\\\/www.westrockcoffee.com\\\/es\\\/sentimientos-intestinales-prebioticos-y-probioticos-en-tu-brebaje-diario\\\/#breadcrumb\"},\"inLanguage\":\"es\",\"potentialAction\":[{\"@type\":\"ReadAction\",\"target\":[\"https:\\\/\\\/www.westrockcoffee.com\\\/es\\\/sentimientos-intestinales-prebioticos-y-probioticos-en-tu-brebaje-diario\\\/\"]}]},{\"@type\":\"ImageObject\",\"inLanguage\":\"es\",\"@id\":\"https:\\\/\\\/www.westrockcoffee.com\\\/es\\\/sentimientos-intestinales-prebioticos-y-probioticos-en-tu-brebaje-diario\\\/#primaryimage\",\"url\":\"https:\\\/\\\/www.westrockcoffee.com\\\/wp-content\\\/uploads\\\/2025\\\/03\\\/Gut-Feelings-Prebiotics-and-Probiotics-in-Your-Daily-Brew.jpg\",\"contentUrl\":\"https:\\\/\\\/www.westrockcoffee.com\\\/wp-content\\\/uploads\\\/2025\\\/03\\\/Gut-Feelings-Prebiotics-and-Probiotics-in-Your-Daily-Brew.jpg\",\"width\":1680,\"height\":943},{\"@type\":\"BreadcrumbList\",\"@id\":\"https:\\\/\\\/www.westrockcoffee.com\\\/es\\\/sentimientos-intestinales-prebioticos-y-probioticos-en-tu-brebaje-diario\\\/#breadcrumb\",\"itemListElement\":[{\"@type\":\"ListItem\",\"position\":1,\"name\":\"Inicio\",\"item\":\"https:\\\/\\\/www.westrockcoffee.com\\\/es\\\/\"},{\"@type\":\"ListItem\",\"position\":2,\"name\":\"Sentimientos intestinales: Prebi\u00f3ticos y Probi\u00f3ticos en tu Brebaje Diario\"}]},{\"@type\":\"WebSite\",\"@id\":\"https:\\\/\\\/www.westrockcoffee.com\\\/es\\\/#website\",\"url\":\"https:\\\/\\\/www.westrockcoffee.com\\\/es\\\/\",\"name\":\"Westrock Coffee\",\"description\":\"\",\"potentialAction\":[{\"@type\":\"SearchAction\",\"target\":{\"@type\":\"EntryPoint\",\"urlTemplate\":\"https:\\\/\\\/www.westrockcoffee.com\\\/es\\\/?s={search_term_string}\"},\"query-input\":{\"@type\":\"PropertyValueSpecification\",\"valueRequired\":true,\"valueName\":\"search_term_string\"}}],\"inLanguage\":\"es\"},{\"@type\":\"Person\",\"@id\":\"https:\\\/\\\/www.westrockcoffee.com\\\/es\\\/#\\\/schema\\\/person\\\/a7b148eae8e3373a9d443df29d8ed7c9\",\"name\":\"Westrock Marketing Team\",\"image\":{\"@type\":\"ImageObject\",\"inLanguage\":\"es\",\"@id\":\"https:\\\/\\\/www.westrockcoffee.com\\\/wp-content\\\/uploads\\\/2024\\\/09\\\/wr-placeholder.png3df4b92e9197ab443e68415227af4f7e\",\"url\":\"https:\\\/\\\/www.westrockcoffee.com\\\/wp-content\\\/uploads\\\/2024\\\/09\\\/wr-placeholder.png\",\"contentUrl\":\"https:\\\/\\\/www.westrockcoffee.com\\\/wp-content\\\/uploads\\\/2024\\\/09\\\/wr-placeholder.png\",\"caption\":\"Westrock Marketing Team\"},\"url\":\"https:\\\/\\\/www.westrockcoffee.com\\\/es\\\/author\\\/ejones\\\/\"}]}<\/script>\n<!-- \/ Yoast SEO plugin. -->","yoast_head_json":{"title":"Sentimientos intestinales: Prebi\u00f3ticos y Probi\u00f3ticos en tu Brebaje Diario | Westrock Coffee","robots":{"index":"index","follow":"follow","max-snippet":"max-snippet:-1","max-image-preview":"max-image-preview:large","max-video-preview":"max-video-preview:-1"},"canonical":"https:\/\/www.westrockcoffee.com\/es\/sentimientos-intestinales-prebioticos-y-probioticos-en-tu-brebaje-diario\/","og_locale":"es_ES","og_type":"article","og_title":"Sentimientos intestinales: Prebi\u00f3ticos y Probi\u00f3ticos en tu Brebaje Diario | Westrock Coffee","og_description":"En la b\u00fasqueda del bienestar hol\u00edstico, la salud intestinal ha surgido como una piedra angular. Desde la digesti\u00f3n hasta la inmunidad, el microbioma intestinal desempe\u00f1a un papel fundamental en nuestro bienestar general. Cada vez m\u00e1s, los consumidores buscan formas c\u00f3modas de apoyar su salud intestinal, lo que ha llevado a la incorporaci\u00f3n de prebi\u00f3ticos y [&hellip;]","og_url":"https:\/\/www.westrockcoffee.com\/es\/sentimientos-intestinales-prebioticos-y-probioticos-en-tu-brebaje-diario\/","og_site_name":"Westrock Coffee","article_published_time":"2025-04-01T14:34:00+00:00","article_modified_time":"2025-05-20T07:16:03+00:00","og_image":[{"width":1680,"height":943,"url":"https:\/\/www.westrockcoffee.com\/wp-content\/uploads\/2025\/03\/Gut-Feelings-Prebiotics-and-Probiotics-in-Your-Daily-Brew.jpg","type":"image\/jpeg"}],"author":"Westrock Marketing Team","twitter_card":"summary_large_image","twitter_misc":{"Written by":"Westrock Marketing Team","Est. reading time":"4 minutos"},"schema":{"@context":"https:\/\/schema.org","@graph":[{"@type":"Article","@id":"https:\/\/www.westrockcoffee.com\/es\/sentimientos-intestinales-prebioticos-y-probioticos-en-tu-brebaje-diario\/#article","isPartOf":{"@id":"https:\/\/www.westrockcoffee.com\/es\/sentimientos-intestinales-prebioticos-y-probioticos-en-tu-brebaje-diario\/"},"author":{"name":"Westrock Marketing Team","@id":"https:\/\/www.westrockcoffee.com\/es\/#\/schema\/person\/a7b148eae8e3373a9d443df29d8ed7c9"},"headline":"Sentimientos intestinales: Prebi\u00f3ticos y Probi\u00f3ticos en tu Brebaje Diario","datePublished":"2025-04-01T14:34:00+00:00","dateModified":"2025-05-20T07:16:03+00:00","mainEntityOfPage":{"@id":"https:\/\/www.westrockcoffee.com\/es\/sentimientos-intestinales-prebioticos-y-probioticos-en-tu-brebaje-diario\/"},"wordCount":813,"image":{"@id":"https:\/\/www.westrockcoffee.com\/es\/sentimientos-intestinales-prebioticos-y-probioticos-en-tu-brebaje-diario\/#primaryimage"},"thumbnailUrl":"https:\/\/www.westrockcoffee.com\/wp-content\/uploads\/2025\/03\/Gut-Feelings-Prebiotics-and-Probiotics-in-Your-Daily-Brew.jpg","articleSection":["Blog","Industry Expertise"],"inLanguage":"es"},{"@type":"WebPage","@id":"https:\/\/www.westrockcoffee.com\/es\/sentimientos-intestinales-prebioticos-y-probioticos-en-tu-brebaje-diario\/","url":"https:\/\/www.westrockcoffee.com\/es\/sentimientos-intestinales-prebioticos-y-probioticos-en-tu-brebaje-diario\/","name":"Sentimientos intestinales: Prebi\u00f3ticos y Probi\u00f3ticos en tu Brebaje Diario | Westrock Coffee","isPartOf":{"@id":"https:\/\/www.westrockcoffee.com\/es\/#website"},"primaryImageOfPage":{"@id":"https:\/\/www.westrockcoffee.com\/es\/sentimientos-intestinales-prebioticos-y-probioticos-en-tu-brebaje-diario\/#primaryimage"},"image":{"@id":"https:\/\/www.westrockcoffee.com\/es\/sentimientos-intestinales-prebioticos-y-probioticos-en-tu-brebaje-diario\/#primaryimage"},"thumbnailUrl":"https:\/\/www.westrockcoffee.com\/wp-content\/uploads\/2025\/03\/Gut-Feelings-Prebiotics-and-Probiotics-in-Your-Daily-Brew.jpg","datePublished":"2025-04-01T14:34:00+00:00","dateModified":"2025-05-20T07:16:03+00:00","author":{"@id":"https:\/\/www.westrockcoffee.com\/es\/#\/schema\/person\/a7b148eae8e3373a9d443df29d8ed7c9"},"breadcrumb":{"@id":"https:\/\/www.westrockcoffee.com\/es\/sentimientos-intestinales-prebioticos-y-probioticos-en-tu-brebaje-diario\/#breadcrumb"},"inLanguage":"es","potentialAction":[{"@type":"ReadAction","target":["https:\/\/www.westrockcoffee.com\/es\/sentimientos-intestinales-prebioticos-y-probioticos-en-tu-brebaje-diario\/"]}]},{"@type":"ImageObject","inLanguage":"es","@id":"https:\/\/www.westrockcoffee.com\/es\/sentimientos-intestinales-prebioticos-y-probioticos-en-tu-brebaje-diario\/#primaryimage","url":"https:\/\/www.westrockcoffee.com\/wp-content\/uploads\/2025\/03\/Gut-Feelings-Prebiotics-and-Probiotics-in-Your-Daily-Brew.jpg","contentUrl":"https:\/\/www.westrockcoffee.com\/wp-content\/uploads\/2025\/03\/Gut-Feelings-Prebiotics-and-Probiotics-in-Your-Daily-Brew.jpg","width":1680,"height":943},{"@type":"BreadcrumbList","@id":"https:\/\/www.westrockcoffee.com\/es\/sentimientos-intestinales-prebioticos-y-probioticos-en-tu-brebaje-diario\/#breadcrumb","itemListElement":[{"@type":"ListItem","position":1,"name":"Inicio","item":"https:\/\/www.westrockcoffee.com\/es\/"},{"@type":"ListItem","position":2,"name":"Sentimientos intestinales: Prebi\u00f3ticos y Probi\u00f3ticos en tu Brebaje Diario"}]},{"@type":"WebSite","@id":"https:\/\/www.westrockcoffee.com\/es\/#website","url":"https:\/\/www.westrockcoffee.com\/es\/","name":"Westrock Coffee","description":"","potentialAction":[{"@type":"SearchAction","target":{"@type":"EntryPoint","urlTemplate":"https:\/\/www.westrockcoffee.com\/es\/?s={search_term_string}"},"query-input":{"@type":"PropertyValueSpecification","valueRequired":true,"valueName":"search_term_string"}}],"inLanguage":"es"},{"@type":"Person","@id":"https:\/\/www.westrockcoffee.com\/es\/#\/schema\/person\/a7b148eae8e3373a9d443df29d8ed7c9","name":"Westrock Marketing Team","image":{"@type":"ImageObject","inLanguage":"es","@id":"https:\/\/www.westrockcoffee.com\/wp-content\/uploads\/2024\/09\/wr-placeholder.png3df4b92e9197ab443e68415227af4f7e","url":"https:\/\/www.westrockcoffee.com\/wp-content\/uploads\/2024\/09\/wr-placeholder.png","contentUrl":"https:\/\/www.westrockcoffee.com\/wp-content\/uploads\/2024\/09\/wr-placeholder.png","caption":"Westrock Marketing Team"},"url":"https:\/\/www.westrockcoffee.com\/es\/author\/ejones\/"}]}},"authors":[{"term_id":55,"user_id":6,"is_guest":0,"slug":"ejones","display_name":"Westrock Marketing Team","avatar_url":{"url":"https:\/\/www.westrockcoffee.com\/wp-content\/uploads\/2024\/09\/wr-placeholder.png","url2x":"https:\/\/www.westrockcoffee.com\/wp-content\/uploads\/2024\/09\/wr-placeholder.png"},"0":null,"1":"","2":"","3":"","4":"","5":"","6":"","7":"","8":""}],"_links":{"self":[{"href":"https:\/\/www.westrockcoffee.com\/es\/wp-json\/wp\/v2\/posts\/4110","targetHints":{"allow":["GET"]}}],"collection":[{"href":"https:\/\/www.westrockcoffee.com\/es\/wp-json\/wp\/v2\/posts"}],"about":[{"href":"https:\/\/www.westrockcoffee.com\/es\/wp-json\/wp\/v2\/types\/post"}],"author":[{"embeddable":true,"href":"https:\/\/www.westrockcoffee.com\/es\/wp-json\/wp\/v2\/users\/6"}],"replies":[{"embeddable":true,"href":"https:\/\/www.westrockcoffee.com\/es\/wp-json\/wp\/v2\/comments?post=4110"}],"version-history":[{"count":0,"href":"https:\/\/www.westrockcoffee.com\/es\/wp-json\/wp\/v2\/posts\/4110\/revisions"}],"wp:featuredmedia":[{"embeddable":true,"href":"https:\/\/www.westrockcoffee.com\/es\/wp-json\/wp\/v2\/media\/4111"}],"wp:attachment":[{"href":"https:\/\/www.westrockcoffee.com\/es\/wp-json\/wp\/v2\/media?parent=4110"}],"wp:term":[{"taxonomy":"category","embeddable":true,"href":"https:\/\/www.westrockcoffee.com\/es\/wp-json\/wp\/v2\/categories?post=4110"},{"taxonomy":"post_tag","embeddable":true,"href":"https:\/\/www.westrockcoffee.com\/es\/wp-json\/wp\/v2\/tags?post=4110"},{"taxonomy":"author","embeddable":true,"href":"https:\/\/www.westrockcoffee.com\/es\/wp-json\/wp\/v2\/ppma_author?post=4110"}],"curies":[{"name":"wp","href":"https:\/\/api.w.org\/{rel}","templated":true}]}}