{"id":4053,"date":"2023-09-22T17:39:17","date_gmt":"2023-09-22T22:39:17","guid":{"rendered":"https:\/\/westrockcoffee.wpenginepowered.com\/cafe-westrock-origenes-colombia\/"},"modified":"2025-05-20T02:09:42","modified_gmt":"2025-05-20T07:09:42","slug":"cafe-westrock-origenes-colombia","status":"publish","type":"post","link":"https:\/\/www.westrockcoffee.com\/es\/cafe-westrock-origenes-colombia\/","title":{"rendered":"Caf\u00e9 Westrock Or\u00edgenes: Colombia"},"content":{"rendered":"\n<p class=\"p1\">Colombia es el mayor pa\u00eds de habla hispana de Sudam\u00e9rica, y alberga parte del r\u00edo Amazonas y selva tropical, muchas cadenas monta\u00f1osas y una costa en el Pac\u00edfico. Esta variedad de caracter\u00edsticas geogr\u00e1ficas permite que el pa\u00eds sea megadiverso, sirviendo de refugio a muchas especies de aves, mam\u00edferos y plantas. La geograf\u00eda colombiana tambi\u00e9n lo convierte en un pa\u00eds ideal para el cultivo del caf\u00e9, con la elevaci\u00f3n, las temperaturas y la composici\u00f3n del suelo necesarias para que prospere el caf\u00e9 ar\u00e1bica.    <\/p>\n\n<figure class=\"wp-block-image\"><img decoding=\"async\" src=\"https:\/\/www.westrockcoffee.com\/wp-content\/uploads\/2024\/09\/IMG_4362_600x600.jpg\" alt=\"Colombia monta&#xF1;a iew\"\/><\/figure>\n\n<p class=\"p1\"><\/p>\n\n<figure class=\"wp-block-image\"><img decoding=\"async\" src=\"https:\/\/www.westrockcoffee.com\/wp-content\/uploads\/2024\/09\/colombia-highlights_600x600.jpg\" alt=\"Informaci&#xF3;n destacada sobre Colombia\"\/><\/figure>\n\n<p class=\"p1\"><\/p>\n\n<figure class=\"wp-block-image\"><img decoding=\"async\" src=\"https:\/\/www.westrockcoffee.com\/wp-content\/uploads\/2024\/09\/colombia-featured-1_f463aaec-735f-4252-9867-6a72e72d2f68_1024x1024.jpg\" alt=\"Detalles de la ciudad de Colombia\"\/><\/figure>\n\n<p>El caf\u00e9 ha formado parte del tejido agr\u00edcola, cultural y econ\u00f3mico de Colombia desde el siglo<sup>XVII<\/sup>. El cultivo comenz\u00f3 a peque\u00f1a escala, pero en el siglo<sup>XIX<\/sup> la caficultura se hab\u00eda acelerado hasta convertirse en la mayor fuente de sustento rural del pa\u00eds. En 1927 se fund\u00f3 la Federaci\u00f3n Nacional de Cafeteros de Colombia (FNC) como organizaci\u00f3n sin \u00e1nimo de lucro destinada a representar y apoyar a los caficultores colombianos a nivel nacional e internacional. La colaboraci\u00f3n entre la FNC, las ONG, las empresas y los 541.183 caficultores de Colombia ha dado lugar a una pr\u00f3spera industria cafetera que ha situado a Colombia como tercer productor mundial de caf\u00e9.   <\/p>\n\n<figure class=\"wp-block-image size-full\"><img loading=\"lazy\" decoding=\"async\" width=\"600\" height=\"489\" src=\"https:\/\/www.westrockcoffee.com\/wp-content\/uploads\/2024\/09\/colombia-coffee_600x600.jpg\" alt=\"\" class=\"wp-image-872\" srcset=\"https:\/\/www.westrockcoffee.com\/wp-content\/uploads\/2024\/09\/colombia-coffee_600x600.jpg 600w, https:\/\/www.westrockcoffee.com\/wp-content\/uploads\/2024\/09\/colombia-coffee_600x600-300x245.jpg 300w\" sizes=\"auto, (max-width: 600px) 100vw, 600px\" \/><\/figure>\n\n<p>No es s\u00f3lo la cantidad de caf\u00e9 lo que ha hecho de Colombia un actor destacado en la industria cafetera, sino tambi\u00e9n la calidad. El caf\u00e9 colombiano tiene fama mundial de ser uno de los mejores caf\u00e9s del mundo. Producido en una variedad de microclimas diversos, Colombia ofrece un caf\u00e9 con complejidad y sabor matizado.  <\/p>\n\n<p>Aqu\u00ed, en Westrock Coffee Company, nos encanta el caf\u00e9 colombiano y, m\u00e1s que eso, nos encanta trabajar con socios agricultores colombianos. A trav\u00e9s de nuestros programas de sostenibilidad, <a href=\"https:\/\/www.westrockcoffee.com\/es\/nuestro-impacto\/raiz-sustainability\/\">Ra\u00edz<\/a> y <a href=\"https:\/\/www.westrockcoffee.com\/es\/nuestro-impacto\/farmer-direct-verified\/\">Farmer Direct Verified<\/a>, Westrock trabaja con m\u00e1s de 9.000 caficultores colombianos. <\/p>\n\n<figure class=\"wp-block-image size-full\"><img loading=\"lazy\" decoding=\"async\" width=\"1024\" height=\"627\" src=\"https:\/\/www.westrockcoffee.com\/wp-content\/uploads\/2024\/09\/Luz-Marina-Grisales_d61e6848-1525-4b82-bbcb-26124c181685_1024x1024.jpg\" alt=\"\" class=\"wp-image-873\" srcset=\"https:\/\/www.westrockcoffee.com\/wp-content\/uploads\/2024\/09\/Luz-Marina-Grisales_d61e6848-1525-4b82-bbcb-26124c181685_1024x1024.jpg 1024w, https:\/\/www.westrockcoffee.com\/wp-content\/uploads\/2024\/09\/Luz-Marina-Grisales_d61e6848-1525-4b82-bbcb-26124c181685_1024x1024-300x184.jpg 300w, https:\/\/www.westrockcoffee.com\/wp-content\/uploads\/2024\/09\/Luz-Marina-Grisales_d61e6848-1525-4b82-bbcb-26124c181685_1024x1024-768x470.jpg 768w\" sizes=\"auto, (max-width: 1024px) 100vw, 1024px\" \/><\/figure>\n\n<p>Luz Marina Grisales es una de esas valiosas socias agricultoras. Luz creci\u00f3 trabajando junto a sus padres y sus 6 hermanos en su finca familiar de caf\u00e9 en los a\u00f1os sesenta. Luz creci\u00f3, se cas\u00f3 y fund\u00f3 su propia familia y una finca cafetera. Varios a\u00f1os despu\u00e9s, cuando sus dos hijas, Francy y July, eran peque\u00f1as, Luz perdi\u00f3 tr\u00e1gicamente a su marido y la granja. Luz se vio obligada a empezar de nuevo. En 2009, junto con sus hijas y tras a\u00f1os de ahorro, Luz compr\u00f3 La Mata de Guadua, una finca cafetera de 2 hect\u00e1reas en Antioquia. Las tres mujeres Grisales dedicaron todo su tiempo a convertirla en una finca sostenible desde el punto de vista financiero y medioambiental. Se unieron a Ra\u00edz en 2016 para aprender a maximizar la rentabilidad y la conservaci\u00f3n del medio ambiente en su finca. Pero no fue hasta que Ra\u00edz ofreci\u00f3 un grupo de formaci\u00f3n s\u00f3lo para mujeres cuando empezaron a participar con frecuencia. Luz Marina y sus hijas encontraron en el grupo de mujeres un sentido de comunidad que a\u00fan no hab\u00edan encontrado en esta nueva regi\u00f3n de Colombia: un espacio donde pod\u00edan compartir sus preguntas y sentirse c\u00f3modas participando en el proceso de aprendizaje de la econom\u00eda agr\u00edcola y de c\u00f3mo mejorar sus ahorros. Como una de las mujeres m\u00e1s activas del grupo, Luz Marina, ha aprendido y puesto en marcha varios proyectos importantes de mejora de la granja de su familia, como el reciclaje de residuos org\u00e1nicos, el mantenimiento de registros, la poda programada y la evaluaci\u00f3n de riesgos de la granja. Estos proyectos han supuesto un aumento del 37% de sus ingresos agr\u00edcolas.           <\/p>\n\n<figure class=\"wp-block-image size-full\"><img loading=\"lazy\" decoding=\"async\" width=\"1024\" height=\"485\" src=\"https:\/\/www.westrockcoffee.com\/wp-content\/uploads\/2024\/09\/colombia-featured-3_60e03a5b-59ef-425c-91a2-c7a8d7c12370_1024x1024.jpg\" alt=\"\" class=\"wp-image-874\" srcset=\"https:\/\/www.westrockcoffee.com\/wp-content\/uploads\/2024\/09\/colombia-featured-3_60e03a5b-59ef-425c-91a2-c7a8d7c12370_1024x1024.jpg 1024w, https:\/\/www.westrockcoffee.com\/wp-content\/uploads\/2024\/09\/colombia-featured-3_60e03a5b-59ef-425c-91a2-c7a8d7c12370_1024x1024-300x142.jpg 300w, https:\/\/www.westrockcoffee.com\/wp-content\/uploads\/2024\/09\/colombia-featured-3_60e03a5b-59ef-425c-91a2-c7a8d7c12370_1024x1024-768x364.jpg 768w\" sizes=\"auto, (max-width: 1024px) 100vw, 1024px\" \/><\/figure>\n\n<p>Como componente principal de varias de nuestras mezclas, e incluso como origen \u00fanico, nuestros expertos sensoriales buscan caf\u00e9s colombianos que muestren una acidez brillante, un afrutado medio y que aporten un agradable tono achocolatado a la taza. El caf\u00e9 colombiano de origen \u00fanico se utiliza a menudo como caf\u00e9 matutino para acompa\u00f1ar reposter\u00eda, pero tambi\u00e9n puede ser un buen caf\u00e9 de postre para despu\u00e9s de cenar. <\/p>\n\n<figure class=\"wp-block-image size-full\"><img loading=\"lazy\" decoding=\"async\" width=\"1024\" height=\"452\" src=\"https:\/\/www.westrockcoffee.com\/wp-content\/uploads\/2024\/09\/colombia-featured-4_1024x1024.jpg\" alt=\"\" class=\"wp-image-875\" srcset=\"https:\/\/www.westrockcoffee.com\/wp-content\/uploads\/2024\/09\/colombia-featured-4_1024x1024.jpg 1024w, https:\/\/www.westrockcoffee.com\/wp-content\/uploads\/2024\/09\/colombia-featured-4_1024x1024-300x132.jpg 300w, https:\/\/www.westrockcoffee.com\/wp-content\/uploads\/2024\/09\/colombia-featured-4_1024x1024-768x339.jpg 768w\" sizes=\"auto, (max-width: 1024px) 100vw, 1024px\" \/><\/figure>\n","protected":false},"excerpt":{"rendered":"<p>Colombia es el mayor pa\u00eds de habla hispana de Sudam\u00e9rica, y alberga parte del r\u00edo Amazonas y selva tropical, muchas cadenas monta\u00f1osas y una costa en el Pac\u00edfico. Esta variedad de caracter\u00edsticas geogr\u00e1ficas permite que el pa\u00eds sea megadiverso, sirviendo de refugio a muchas especies de aves, mam\u00edferos y plantas. La geograf\u00eda colombiana tambi\u00e9n lo [&hellip;]<\/p>\n","protected":false},"author":6,"featured_media":4055,"comment_status":"closed","ping_status":"open","sticky":false,"template":"","format":"standard","meta":{"_acf_changed":false,"content-type":"","footnotes":""},"categories":[127],"tags":[],"ppma_author":[55],"class_list":["post-4053","post","type-post","status-publish","format-standard","has-post-thumbnail","hentry","category-sostenibilidad"],"acf":[],"yoast_head":"<!-- This site is optimized with the Yoast SEO plugin v27.4 - https:\/\/yoast.com\/product\/yoast-seo-wordpress\/ -->\n<title>Caf\u00e9 Westrock Or\u00edgenes: Colombia | Westrock Coffee<\/title>\n<meta name=\"robots\" content=\"index, follow, max-snippet:-1, max-image-preview:large, max-video-preview:-1\" \/>\n<link rel=\"canonical\" href=\"https:\/\/www.westrockcoffee.com\/es\/cafe-westrock-origenes-colombia\/\" \/>\n<meta property=\"og:locale\" content=\"es_ES\" \/>\n<meta property=\"og:type\" content=\"article\" \/>\n<meta property=\"og:title\" content=\"Caf\u00e9 Westrock Or\u00edgenes: Colombia | Westrock Coffee\" \/>\n<meta property=\"og:description\" content=\"Colombia es el mayor pa\u00eds de habla hispana de Sudam\u00e9rica, y alberga parte del r\u00edo Amazonas y selva tropical, muchas cadenas monta\u00f1osas y una costa en el Pac\u00edfico. Esta variedad de caracter\u00edsticas geogr\u00e1ficas permite que el pa\u00eds sea megadiverso, sirviendo de refugio a muchas especies de aves, mam\u00edferos y plantas. La geograf\u00eda colombiana tambi\u00e9n lo [&hellip;]\" \/>\n<meta property=\"og:url\" content=\"https:\/\/www.westrockcoffee.com\/es\/cafe-westrock-origenes-colombia\/\" \/>\n<meta property=\"og:site_name\" content=\"Westrock Coffee\" \/>\n<meta property=\"article:published_time\" content=\"2023-09-22T22:39:17+00:00\" \/>\n<meta property=\"article:modified_time\" content=\"2025-05-20T07:09:42+00:00\" \/>\n<meta property=\"og:image\" content=\"https:\/\/www.westrockcoffee.com\/wp-content\/uploads\/2024\/09\/colombia-featured.jpg\" \/>\n\t<meta property=\"og:image:width\" content=\"2048\" \/>\n\t<meta property=\"og:image:height\" content=\"1280\" \/>\n\t<meta property=\"og:image:type\" content=\"image\/jpeg\" \/>\n<meta name=\"author\" content=\"Westrock Marketing Team\" \/>\n<meta name=\"twitter:card\" content=\"summary_large_image\" \/>\n<meta name=\"twitter:label1\" content=\"Written by\" \/>\n\t<meta name=\"twitter:data1\" content=\"Westrock Marketing Team\" \/>\n\t<meta name=\"twitter:label2\" content=\"Est. reading time\" \/>\n\t<meta name=\"twitter:data2\" content=\"3 minutos\" \/>\n<script type=\"application\/ld+json\" class=\"yoast-schema-graph\">{\"@context\":\"https:\\\/\\\/schema.org\",\"@graph\":[{\"@type\":\"Article\",\"@id\":\"https:\\\/\\\/www.westrockcoffee.com\\\/es\\\/cafe-westrock-origenes-colombia\\\/#article\",\"isPartOf\":{\"@id\":\"https:\\\/\\\/www.westrockcoffee.com\\\/es\\\/cafe-westrock-origenes-colombia\\\/\"},\"author\":{\"name\":\"Westrock Marketing Team\",\"@id\":\"https:\\\/\\\/www.westrockcoffee.com\\\/es\\\/#\\\/schema\\\/person\\\/a7b148eae8e3373a9d443df29d8ed7c9\"},\"headline\":\"Caf\u00e9 Westrock Or\u00edgenes: Colombia\",\"datePublished\":\"2023-09-22T22:39:17+00:00\",\"dateModified\":\"2025-05-20T07:09:42+00:00\",\"mainEntityOfPage\":{\"@id\":\"https:\\\/\\\/www.westrockcoffee.com\\\/es\\\/cafe-westrock-origenes-colombia\\\/\"},\"wordCount\":683,\"image\":{\"@id\":\"https:\\\/\\\/www.westrockcoffee.com\\\/es\\\/cafe-westrock-origenes-colombia\\\/#primaryimage\"},\"thumbnailUrl\":\"https:\\\/\\\/www.westrockcoffee.com\\\/wp-content\\\/uploads\\\/2024\\\/09\\\/colombia-featured.jpg\",\"articleSection\":[\"Sostenibilidad\"],\"inLanguage\":\"es\"},{\"@type\":\"WebPage\",\"@id\":\"https:\\\/\\\/www.westrockcoffee.com\\\/es\\\/cafe-westrock-origenes-colombia\\\/\",\"url\":\"https:\\\/\\\/www.westrockcoffee.com\\\/es\\\/cafe-westrock-origenes-colombia\\\/\",\"name\":\"Caf\u00e9 Westrock Or\u00edgenes: Colombia | Westrock Coffee\",\"isPartOf\":{\"@id\":\"https:\\\/\\\/www.westrockcoffee.com\\\/es\\\/#website\"},\"primaryImageOfPage\":{\"@id\":\"https:\\\/\\\/www.westrockcoffee.com\\\/es\\\/cafe-westrock-origenes-colombia\\\/#primaryimage\"},\"image\":{\"@id\":\"https:\\\/\\\/www.westrockcoffee.com\\\/es\\\/cafe-westrock-origenes-colombia\\\/#primaryimage\"},\"thumbnailUrl\":\"https:\\\/\\\/www.westrockcoffee.com\\\/wp-content\\\/uploads\\\/2024\\\/09\\\/colombia-featured.jpg\",\"datePublished\":\"2023-09-22T22:39:17+00:00\",\"dateModified\":\"2025-05-20T07:09:42+00:00\",\"author\":{\"@id\":\"https:\\\/\\\/www.westrockcoffee.com\\\/es\\\/#\\\/schema\\\/person\\\/a7b148eae8e3373a9d443df29d8ed7c9\"},\"breadcrumb\":{\"@id\":\"https:\\\/\\\/www.westrockcoffee.com\\\/es\\\/cafe-westrock-origenes-colombia\\\/#breadcrumb\"},\"inLanguage\":\"es\",\"potentialAction\":[{\"@type\":\"ReadAction\",\"target\":[\"https:\\\/\\\/www.westrockcoffee.com\\\/es\\\/cafe-westrock-origenes-colombia\\\/\"]}]},{\"@type\":\"ImageObject\",\"inLanguage\":\"es\",\"@id\":\"https:\\\/\\\/www.westrockcoffee.com\\\/es\\\/cafe-westrock-origenes-colombia\\\/#primaryimage\",\"url\":\"https:\\\/\\\/www.westrockcoffee.com\\\/wp-content\\\/uploads\\\/2024\\\/09\\\/colombia-featured.jpg\",\"contentUrl\":\"https:\\\/\\\/www.westrockcoffee.com\\\/wp-content\\\/uploads\\\/2024\\\/09\\\/colombia-featured.jpg\",\"width\":2048,\"height\":1280},{\"@type\":\"BreadcrumbList\",\"@id\":\"https:\\\/\\\/www.westrockcoffee.com\\\/es\\\/cafe-westrock-origenes-colombia\\\/#breadcrumb\",\"itemListElement\":[{\"@type\":\"ListItem\",\"position\":1,\"name\":\"Inicio\",\"item\":\"https:\\\/\\\/www.westrockcoffee.com\\\/es\\\/\"},{\"@type\":\"ListItem\",\"position\":2,\"name\":\"Caf\u00e9 Westrock Or\u00edgenes: Colombia\"}]},{\"@type\":\"WebSite\",\"@id\":\"https:\\\/\\\/www.westrockcoffee.com\\\/es\\\/#website\",\"url\":\"https:\\\/\\\/www.westrockcoffee.com\\\/es\\\/\",\"name\":\"Westrock Coffee\",\"description\":\"\",\"potentialAction\":[{\"@type\":\"SearchAction\",\"target\":{\"@type\":\"EntryPoint\",\"urlTemplate\":\"https:\\\/\\\/www.westrockcoffee.com\\\/es\\\/?s={search_term_string}\"},\"query-input\":{\"@type\":\"PropertyValueSpecification\",\"valueRequired\":true,\"valueName\":\"search_term_string\"}}],\"inLanguage\":\"es\"},{\"@type\":\"Person\",\"@id\":\"https:\\\/\\\/www.westrockcoffee.com\\\/es\\\/#\\\/schema\\\/person\\\/a7b148eae8e3373a9d443df29d8ed7c9\",\"name\":\"Westrock Marketing Team\",\"image\":{\"@type\":\"ImageObject\",\"inLanguage\":\"es\",\"@id\":\"https:\\\/\\\/www.westrockcoffee.com\\\/wp-content\\\/uploads\\\/2024\\\/09\\\/wr-placeholder.png3df4b92e9197ab443e68415227af4f7e\",\"url\":\"https:\\\/\\\/www.westrockcoffee.com\\\/wp-content\\\/uploads\\\/2024\\\/09\\\/wr-placeholder.png\",\"contentUrl\":\"https:\\\/\\\/www.westrockcoffee.com\\\/wp-content\\\/uploads\\\/2024\\\/09\\\/wr-placeholder.png\",\"caption\":\"Westrock Marketing Team\"},\"url\":\"https:\\\/\\\/www.westrockcoffee.com\\\/es\\\/author\\\/ejones\\\/\"}]}<\/script>\n<!-- \/ Yoast SEO plugin. -->","yoast_head_json":{"title":"Caf\u00e9 Westrock Or\u00edgenes: Colombia | Westrock Coffee","robots":{"index":"index","follow":"follow","max-snippet":"max-snippet:-1","max-image-preview":"max-image-preview:large","max-video-preview":"max-video-preview:-1"},"canonical":"https:\/\/www.westrockcoffee.com\/es\/cafe-westrock-origenes-colombia\/","og_locale":"es_ES","og_type":"article","og_title":"Caf\u00e9 Westrock Or\u00edgenes: Colombia | Westrock Coffee","og_description":"Colombia es el mayor pa\u00eds de habla hispana de Sudam\u00e9rica, y alberga parte del r\u00edo Amazonas y selva tropical, muchas cadenas monta\u00f1osas y una costa en el Pac\u00edfico. Esta variedad de caracter\u00edsticas geogr\u00e1ficas permite que el pa\u00eds sea megadiverso, sirviendo de refugio a muchas especies de aves, mam\u00edferos y plantas. La geograf\u00eda colombiana tambi\u00e9n lo [&hellip;]","og_url":"https:\/\/www.westrockcoffee.com\/es\/cafe-westrock-origenes-colombia\/","og_site_name":"Westrock Coffee","article_published_time":"2023-09-22T22:39:17+00:00","article_modified_time":"2025-05-20T07:09:42+00:00","og_image":[{"width":2048,"height":1280,"url":"https:\/\/www.westrockcoffee.com\/wp-content\/uploads\/2024\/09\/colombia-featured.jpg","type":"image\/jpeg"}],"author":"Westrock Marketing Team","twitter_card":"summary_large_image","twitter_misc":{"Written by":"Westrock Marketing Team","Est. reading time":"3 minutos"},"schema":{"@context":"https:\/\/schema.org","@graph":[{"@type":"Article","@id":"https:\/\/www.westrockcoffee.com\/es\/cafe-westrock-origenes-colombia\/#article","isPartOf":{"@id":"https:\/\/www.westrockcoffee.com\/es\/cafe-westrock-origenes-colombia\/"},"author":{"name":"Westrock Marketing Team","@id":"https:\/\/www.westrockcoffee.com\/es\/#\/schema\/person\/a7b148eae8e3373a9d443df29d8ed7c9"},"headline":"Caf\u00e9 Westrock Or\u00edgenes: Colombia","datePublished":"2023-09-22T22:39:17+00:00","dateModified":"2025-05-20T07:09:42+00:00","mainEntityOfPage":{"@id":"https:\/\/www.westrockcoffee.com\/es\/cafe-westrock-origenes-colombia\/"},"wordCount":683,"image":{"@id":"https:\/\/www.westrockcoffee.com\/es\/cafe-westrock-origenes-colombia\/#primaryimage"},"thumbnailUrl":"https:\/\/www.westrockcoffee.com\/wp-content\/uploads\/2024\/09\/colombia-featured.jpg","articleSection":["Sostenibilidad"],"inLanguage":"es"},{"@type":"WebPage","@id":"https:\/\/www.westrockcoffee.com\/es\/cafe-westrock-origenes-colombia\/","url":"https:\/\/www.westrockcoffee.com\/es\/cafe-westrock-origenes-colombia\/","name":"Caf\u00e9 Westrock Or\u00edgenes: Colombia | Westrock Coffee","isPartOf":{"@id":"https:\/\/www.westrockcoffee.com\/es\/#website"},"primaryImageOfPage":{"@id":"https:\/\/www.westrockcoffee.com\/es\/cafe-westrock-origenes-colombia\/#primaryimage"},"image":{"@id":"https:\/\/www.westrockcoffee.com\/es\/cafe-westrock-origenes-colombia\/#primaryimage"},"thumbnailUrl":"https:\/\/www.westrockcoffee.com\/wp-content\/uploads\/2024\/09\/colombia-featured.jpg","datePublished":"2023-09-22T22:39:17+00:00","dateModified":"2025-05-20T07:09:42+00:00","author":{"@id":"https:\/\/www.westrockcoffee.com\/es\/#\/schema\/person\/a7b148eae8e3373a9d443df29d8ed7c9"},"breadcrumb":{"@id":"https:\/\/www.westrockcoffee.com\/es\/cafe-westrock-origenes-colombia\/#breadcrumb"},"inLanguage":"es","potentialAction":[{"@type":"ReadAction","target":["https:\/\/www.westrockcoffee.com\/es\/cafe-westrock-origenes-colombia\/"]}]},{"@type":"ImageObject","inLanguage":"es","@id":"https:\/\/www.westrockcoffee.com\/es\/cafe-westrock-origenes-colombia\/#primaryimage","url":"https:\/\/www.westrockcoffee.com\/wp-content\/uploads\/2024\/09\/colombia-featured.jpg","contentUrl":"https:\/\/www.westrockcoffee.com\/wp-content\/uploads\/2024\/09\/colombia-featured.jpg","width":2048,"height":1280},{"@type":"BreadcrumbList","@id":"https:\/\/www.westrockcoffee.com\/es\/cafe-westrock-origenes-colombia\/#breadcrumb","itemListElement":[{"@type":"ListItem","position":1,"name":"Inicio","item":"https:\/\/www.westrockcoffee.com\/es\/"},{"@type":"ListItem","position":2,"name":"Caf\u00e9 Westrock Or\u00edgenes: Colombia"}]},{"@type":"WebSite","@id":"https:\/\/www.westrockcoffee.com\/es\/#website","url":"https:\/\/www.westrockcoffee.com\/es\/","name":"Westrock Coffee","description":"","potentialAction":[{"@type":"SearchAction","target":{"@type":"EntryPoint","urlTemplate":"https:\/\/www.westrockcoffee.com\/es\/?s={search_term_string}"},"query-input":{"@type":"PropertyValueSpecification","valueRequired":true,"valueName":"search_term_string"}}],"inLanguage":"es"},{"@type":"Person","@id":"https:\/\/www.westrockcoffee.com\/es\/#\/schema\/person\/a7b148eae8e3373a9d443df29d8ed7c9","name":"Westrock Marketing Team","image":{"@type":"ImageObject","inLanguage":"es","@id":"https:\/\/www.westrockcoffee.com\/wp-content\/uploads\/2024\/09\/wr-placeholder.png3df4b92e9197ab443e68415227af4f7e","url":"https:\/\/www.westrockcoffee.com\/wp-content\/uploads\/2024\/09\/wr-placeholder.png","contentUrl":"https:\/\/www.westrockcoffee.com\/wp-content\/uploads\/2024\/09\/wr-placeholder.png","caption":"Westrock Marketing Team"},"url":"https:\/\/www.westrockcoffee.com\/es\/author\/ejones\/"}]}},"authors":[{"term_id":55,"user_id":6,"is_guest":0,"slug":"ejones","display_name":"Westrock Marketing Team","avatar_url":{"url":"https:\/\/www.westrockcoffee.com\/wp-content\/uploads\/2024\/09\/wr-placeholder.png","url2x":"https:\/\/www.westrockcoffee.com\/wp-content\/uploads\/2024\/09\/wr-placeholder.png"},"0":null,"1":"","2":"","3":"","4":"","5":"","6":"","7":"","8":""}],"_links":{"self":[{"href":"https:\/\/www.westrockcoffee.com\/es\/wp-json\/wp\/v2\/posts\/4053","targetHints":{"allow":["GET"]}}],"collection":[{"href":"https:\/\/www.westrockcoffee.com\/es\/wp-json\/wp\/v2\/posts"}],"about":[{"href":"https:\/\/www.westrockcoffee.com\/es\/wp-json\/wp\/v2\/types\/post"}],"author":[{"embeddable":true,"href":"https:\/\/www.westrockcoffee.com\/es\/wp-json\/wp\/v2\/users\/6"}],"replies":[{"embeddable":true,"href":"https:\/\/www.westrockcoffee.com\/es\/wp-json\/wp\/v2\/comments?post=4053"}],"version-history":[{"count":0,"href":"https:\/\/www.westrockcoffee.com\/es\/wp-json\/wp\/v2\/posts\/4053\/revisions"}],"wp:featuredmedia":[{"embeddable":true,"href":"https:\/\/www.westrockcoffee.com\/es\/wp-json\/wp\/v2\/media\/4055"}],"wp:attachment":[{"href":"https:\/\/www.westrockcoffee.com\/es\/wp-json\/wp\/v2\/media?parent=4053"}],"wp:term":[{"taxonomy":"category","embeddable":true,"href":"https:\/\/www.westrockcoffee.com\/es\/wp-json\/wp\/v2\/categories?post=4053"},{"taxonomy":"post_tag","embeddable":true,"href":"https:\/\/www.westrockcoffee.com\/es\/wp-json\/wp\/v2\/tags?post=4053"},{"taxonomy":"author","embeddable":true,"href":"https:\/\/www.westrockcoffee.com\/es\/wp-json\/wp\/v2\/ppma_author?post=4053"}],"curies":[{"name":"wp","href":"https:\/\/api.w.org\/{rel}","templated":true}]}}