{"id":4046,"date":"2023-08-21T16:06:46","date_gmt":"2023-08-21T21:06:46","guid":{"rendered":"https:\/\/westrockcoffee.wpenginepowered.com\/cafe-westrock-origenes-el-salvador\/"},"modified":"2025-05-20T02:09:42","modified_gmt":"2025-05-20T07:09:42","slug":"cafe-westrock-origenes-el-salvador","status":"publish","type":"post","link":"https:\/\/www.westrockcoffee.com\/es\/cafe-westrock-origenes-el-salvador\/","title":{"rendered":"Caf\u00e9 Westrock Or\u00edgenes: El Salvador"},"content":{"rendered":"\n<p>El Salvador es el pa\u00eds m\u00e1s peque\u00f1o de Centroam\u00e9rica, con costa en el Pac\u00edfico y dos cadenas monta\u00f1osas paralelas. Las condiciones clim\u00e1ticas y geogr\u00e1ficas de El Salvador han propiciado el af\u00e1n de muchas generaciones de caficultores en seis regiones productoras. <\/p>\n\n<p>Cultivado desde principios del siglo XIX, el caf\u00e9 ha formado parte de la trayectoria de muchas familias salvadore\u00f1as, y muchos caficultores modernos de 4\u00aa o 5\u00aa generaci\u00f3n contin\u00faan su legado familiar. Durante muchos a\u00f1os, el caf\u00e9 fue uno de los principales productos de exportaci\u00f3n de El Salvador; sin embargo, los efectos negativos del clima han reducido dr\u00e1sticamente la producci\u00f3n del pa\u00eds, haciendo que el caf\u00e9 que llega al mercado sea mucho m\u00e1s valioso. Los caficultores salvadore\u00f1os han centrado gran parte de sus esfuerzos en la comercializaci\u00f3n y venta de caf\u00e9s especiales y en el cultivo de variedades apreciadas como Pacamara, Bourbon y Pacas.  <\/p>\n\n<figure class=\"wp-block-image\"><img decoding=\"async\" src=\"https:\/\/www.westrockcoffee.com\/wp-content\/uploads\/2024\/09\/IMG_1354_600x600.jpg\" alt=\"\"\/><\/figure>\n\n<figure class=\"wp-block-image\"><img decoding=\"async\" src=\"https:\/\/www.westrockcoffee.com\/wp-content\/uploads\/2024\/09\/highlights_600x600.jpg\" alt=\"\"\/><\/figure>\n\n<figure class=\"wp-block-image\"><img decoding=\"async\" src=\"https:\/\/www.westrockcoffee.com\/wp-content\/uploads\/2024\/09\/image-collage-3_1024x1024.jpg\" alt=\"\"\/><\/figure>\n\n<p>En los \u00faltimos a\u00f1os, se ha hecho un esfuerzo por revitalizar la industria cafetera salvadore\u00f1a, mejorando el rendimiento y los beneficios de los caficultores mediante inversiones del gobierno, la industria y las organizaciones sin \u00e1nimo de lucro en programas y otros mecanismos de apoyo. Las explotaciones de caf\u00e9 de El Salvador tambi\u00e9n tienen un inmenso valor m\u00e1s all\u00e1 de la mera producci\u00f3n de caf\u00e9, con explotaciones de estilo agroforestal que preservan las tierras forestales, fomentan la biodiversidad y secuestran carbono. <\/p>\n\n<p>La empresa hermana de Westrock, Falcon Coffees, ha apoyado a los caficultores salvadore\u00f1os mediante la compra de caf\u00e9s certificados. Estas ventas de caf\u00e9s especiales han permitido a Falcon financiar becas de agronom\u00eda para que 3 agricultores asistan a la Escuela de Campo RENACER, situada en la regi\u00f3n noroeste del pa\u00eds. En 2023, RENACER recibi\u00f3 el Premio a la Sostenibilidad de la Asociaci\u00f3n de Caf\u00e9s Especiales (SCA), en reconocimiento a la escuela por su destacada labor de formaci\u00f3n de agricultores en t\u00e9cnicas agr\u00edcolas asequibles y sostenibles.  <\/p>\n\n<figure class=\"wp-block-image\"><img decoding=\"async\" src=\"https:\/\/www.westrockcoffee.com\/wp-content\/uploads\/2024\/09\/image-collage-2_1024x1024.jpg\" alt=\"\"\/><\/figure>\n\n<p>M\u00e1s all\u00e1 del cultivo del caf\u00e9, El Salvador tambi\u00e9n tiene una floreciente cultura cafetera. En 2011, el barista salvadore\u00f1o Alejandro M\u00e9ndez se llev\u00f3 a casa el t\u00edtulo de barista m\u00e1s alto posible y fue coronado Campe\u00f3n Mundial de Baristas. <\/p>\n\n<p>Para ser un pa\u00eds tan peque\u00f1o, El Salvador ha demostrado su enorme pasi\u00f3n por el caf\u00e9, superando retos para producir un caf\u00e9 de calidad reconocida mundialmente, baristas con talento y distinguidas escuelas de caf\u00e9.<\/p>\n\n<p>Nuestros expertos sensoriales suelen encontrar un cuerpo pesado y una dulzura similar a la miel, combinados con un final suave, para equilibrar las mezclas con mayor acidez con caf\u00e9s de El Salvador. Aportan mucho cuerpo y suavidad a la mezcla, pero tambi\u00e9n proporcionan una taza suave y equilibrada cuando se utilizan como origen \u00fanico. El caf\u00e9 salvadore\u00f1o combina perfectamente con una quesadilla (\u00a1no un delicioso bocadillo de queso, sino un pastel tradicional salvadore\u00f1o!)  <\/p>\n\n<figure class=\"wp-block-image\"><img decoding=\"async\" src=\"https:\/\/www.westrockcoffee.com\/wp-content\/uploads\/2024\/10\/shutterstock_1688477998_600x600.jpg\" alt=\"\"\/><\/figure>\n\n<figure class=\"wp-block-image\"><img decoding=\"async\" src=\"https:\/\/www.westrockcoffee.com\/wp-content\/uploads\/2024\/09\/image-collage-4_1024x1024.jpg\" alt=\"\"\/><\/figure>\n","protected":false},"excerpt":{"rendered":"<p>El Salvador es el pa\u00eds m\u00e1s peque\u00f1o de Centroam\u00e9rica, con costa en el Pac\u00edfico y dos cadenas monta\u00f1osas paralelas. Las condiciones clim\u00e1ticas y geogr\u00e1ficas de El Salvador han propiciado el af\u00e1n de muchas generaciones de caficultores en seis regiones productoras. Cultivado desde principios del siglo XIX, el caf\u00e9 ha formado parte de la trayectoria de [&hellip;]<\/p>\n","protected":false},"author":6,"featured_media":4048,"comment_status":"closed","ping_status":"open","sticky":false,"template":"","format":"standard","meta":{"_acf_changed":false,"content-type":"","footnotes":""},"categories":[127],"tags":[],"ppma_author":[55],"class_list":["post-4046","post","type-post","status-publish","format-standard","has-post-thumbnail","hentry","category-sostenibilidad"],"acf":[],"yoast_head":"<!-- This site is optimized with the Yoast SEO plugin v27.4 - https:\/\/yoast.com\/product\/yoast-seo-wordpress\/ -->\n<title>Caf\u00e9 Westrock Or\u00edgenes: El Salvador | Westrock Coffee<\/title>\n<meta name=\"robots\" content=\"index, follow, max-snippet:-1, max-image-preview:large, max-video-preview:-1\" \/>\n<link rel=\"canonical\" href=\"https:\/\/www.westrockcoffee.com\/es\/cafe-westrock-origenes-el-salvador\/\" \/>\n<meta property=\"og:locale\" content=\"es_ES\" \/>\n<meta property=\"og:type\" content=\"article\" \/>\n<meta property=\"og:title\" content=\"Caf\u00e9 Westrock Or\u00edgenes: El Salvador | Westrock Coffee\" \/>\n<meta property=\"og:description\" content=\"El Salvador es el pa\u00eds m\u00e1s peque\u00f1o de Centroam\u00e9rica, con costa en el Pac\u00edfico y dos cadenas monta\u00f1osas paralelas. Las condiciones clim\u00e1ticas y geogr\u00e1ficas de El Salvador han propiciado el af\u00e1n de muchas generaciones de caficultores en seis regiones productoras. Cultivado desde principios del siglo XIX, el caf\u00e9 ha formado parte de la trayectoria de [&hellip;]\" \/>\n<meta property=\"og:url\" content=\"https:\/\/www.westrockcoffee.com\/es\/cafe-westrock-origenes-el-salvador\/\" \/>\n<meta property=\"og:site_name\" content=\"Westrock Coffee\" \/>\n<meta property=\"article:published_time\" content=\"2023-08-21T21:06:46+00:00\" \/>\n<meta property=\"article:modified_time\" content=\"2025-05-20T07:09:42+00:00\" \/>\n<meta property=\"og:image\" content=\"https:\/\/www.westrockcoffee.com\/wp-content\/uploads\/2024\/09\/shutterstock_197203280.jpg\" \/>\n\t<meta property=\"og:image:width\" content=\"2048\" \/>\n\t<meta property=\"og:image:height\" content=\"1365\" \/>\n\t<meta property=\"og:image:type\" content=\"image\/jpeg\" \/>\n<meta name=\"author\" content=\"Westrock Marketing Team\" \/>\n<meta name=\"twitter:card\" content=\"summary_large_image\" \/>\n<meta name=\"twitter:label1\" content=\"Written by\" \/>\n\t<meta name=\"twitter:data1\" content=\"Westrock Marketing Team\" \/>\n\t<meta name=\"twitter:label2\" content=\"Est. reading time\" \/>\n\t<meta name=\"twitter:data2\" content=\"3 minutos\" \/>\n<script type=\"application\/ld+json\" class=\"yoast-schema-graph\">{\"@context\":\"https:\\\/\\\/schema.org\",\"@graph\":[{\"@type\":\"Article\",\"@id\":\"https:\\\/\\\/www.westrockcoffee.com\\\/es\\\/cafe-westrock-origenes-el-salvador\\\/#article\",\"isPartOf\":{\"@id\":\"https:\\\/\\\/www.westrockcoffee.com\\\/es\\\/cafe-westrock-origenes-el-salvador\\\/\"},\"author\":{\"name\":\"Westrock Marketing Team\",\"@id\":\"https:\\\/\\\/www.westrockcoffee.com\\\/es\\\/#\\\/schema\\\/person\\\/a7b148eae8e3373a9d443df29d8ed7c9\"},\"headline\":\"Caf\u00e9 Westrock Or\u00edgenes: El Salvador\",\"datePublished\":\"2023-08-21T21:06:46+00:00\",\"dateModified\":\"2025-05-20T07:09:42+00:00\",\"mainEntityOfPage\":{\"@id\":\"https:\\\/\\\/www.westrockcoffee.com\\\/es\\\/cafe-westrock-origenes-el-salvador\\\/\"},\"wordCount\":506,\"image\":{\"@id\":\"https:\\\/\\\/www.westrockcoffee.com\\\/es\\\/cafe-westrock-origenes-el-salvador\\\/#primaryimage\"},\"thumbnailUrl\":\"https:\\\/\\\/www.westrockcoffee.com\\\/wp-content\\\/uploads\\\/2024\\\/09\\\/shutterstock_197203280.jpg\",\"articleSection\":[\"Sostenibilidad\"],\"inLanguage\":\"es\"},{\"@type\":\"WebPage\",\"@id\":\"https:\\\/\\\/www.westrockcoffee.com\\\/es\\\/cafe-westrock-origenes-el-salvador\\\/\",\"url\":\"https:\\\/\\\/www.westrockcoffee.com\\\/es\\\/cafe-westrock-origenes-el-salvador\\\/\",\"name\":\"Caf\u00e9 Westrock Or\u00edgenes: El Salvador | Westrock Coffee\",\"isPartOf\":{\"@id\":\"https:\\\/\\\/www.westrockcoffee.com\\\/es\\\/#website\"},\"primaryImageOfPage\":{\"@id\":\"https:\\\/\\\/www.westrockcoffee.com\\\/es\\\/cafe-westrock-origenes-el-salvador\\\/#primaryimage\"},\"image\":{\"@id\":\"https:\\\/\\\/www.westrockcoffee.com\\\/es\\\/cafe-westrock-origenes-el-salvador\\\/#primaryimage\"},\"thumbnailUrl\":\"https:\\\/\\\/www.westrockcoffee.com\\\/wp-content\\\/uploads\\\/2024\\\/09\\\/shutterstock_197203280.jpg\",\"datePublished\":\"2023-08-21T21:06:46+00:00\",\"dateModified\":\"2025-05-20T07:09:42+00:00\",\"author\":{\"@id\":\"https:\\\/\\\/www.westrockcoffee.com\\\/es\\\/#\\\/schema\\\/person\\\/a7b148eae8e3373a9d443df29d8ed7c9\"},\"breadcrumb\":{\"@id\":\"https:\\\/\\\/www.westrockcoffee.com\\\/es\\\/cafe-westrock-origenes-el-salvador\\\/#breadcrumb\"},\"inLanguage\":\"es\",\"potentialAction\":[{\"@type\":\"ReadAction\",\"target\":[\"https:\\\/\\\/www.westrockcoffee.com\\\/es\\\/cafe-westrock-origenes-el-salvador\\\/\"]}]},{\"@type\":\"ImageObject\",\"inLanguage\":\"es\",\"@id\":\"https:\\\/\\\/www.westrockcoffee.com\\\/es\\\/cafe-westrock-origenes-el-salvador\\\/#primaryimage\",\"url\":\"https:\\\/\\\/www.westrockcoffee.com\\\/wp-content\\\/uploads\\\/2024\\\/09\\\/shutterstock_197203280.jpg\",\"contentUrl\":\"https:\\\/\\\/www.westrockcoffee.com\\\/wp-content\\\/uploads\\\/2024\\\/09\\\/shutterstock_197203280.jpg\",\"width\":2048,\"height\":1365},{\"@type\":\"BreadcrumbList\",\"@id\":\"https:\\\/\\\/www.westrockcoffee.com\\\/es\\\/cafe-westrock-origenes-el-salvador\\\/#breadcrumb\",\"itemListElement\":[{\"@type\":\"ListItem\",\"position\":1,\"name\":\"Inicio\",\"item\":\"https:\\\/\\\/www.westrockcoffee.com\\\/es\\\/\"},{\"@type\":\"ListItem\",\"position\":2,\"name\":\"Caf\u00e9 Westrock Or\u00edgenes: El Salvador\"}]},{\"@type\":\"WebSite\",\"@id\":\"https:\\\/\\\/www.westrockcoffee.com\\\/es\\\/#website\",\"url\":\"https:\\\/\\\/www.westrockcoffee.com\\\/es\\\/\",\"name\":\"Westrock Coffee\",\"description\":\"\",\"potentialAction\":[{\"@type\":\"SearchAction\",\"target\":{\"@type\":\"EntryPoint\",\"urlTemplate\":\"https:\\\/\\\/www.westrockcoffee.com\\\/es\\\/?s={search_term_string}\"},\"query-input\":{\"@type\":\"PropertyValueSpecification\",\"valueRequired\":true,\"valueName\":\"search_term_string\"}}],\"inLanguage\":\"es\"},{\"@type\":\"Person\",\"@id\":\"https:\\\/\\\/www.westrockcoffee.com\\\/es\\\/#\\\/schema\\\/person\\\/a7b148eae8e3373a9d443df29d8ed7c9\",\"name\":\"Westrock Marketing Team\",\"image\":{\"@type\":\"ImageObject\",\"inLanguage\":\"es\",\"@id\":\"https:\\\/\\\/www.westrockcoffee.com\\\/wp-content\\\/uploads\\\/2024\\\/09\\\/wr-placeholder.png3df4b92e9197ab443e68415227af4f7e\",\"url\":\"https:\\\/\\\/www.westrockcoffee.com\\\/wp-content\\\/uploads\\\/2024\\\/09\\\/wr-placeholder.png\",\"contentUrl\":\"https:\\\/\\\/www.westrockcoffee.com\\\/wp-content\\\/uploads\\\/2024\\\/09\\\/wr-placeholder.png\",\"caption\":\"Westrock Marketing Team\"},\"url\":\"https:\\\/\\\/www.westrockcoffee.com\\\/es\\\/author\\\/ejones\\\/\"}]}<\/script>\n<!-- \/ Yoast SEO plugin. -->","yoast_head_json":{"title":"Caf\u00e9 Westrock Or\u00edgenes: El Salvador | Westrock Coffee","robots":{"index":"index","follow":"follow","max-snippet":"max-snippet:-1","max-image-preview":"max-image-preview:large","max-video-preview":"max-video-preview:-1"},"canonical":"https:\/\/www.westrockcoffee.com\/es\/cafe-westrock-origenes-el-salvador\/","og_locale":"es_ES","og_type":"article","og_title":"Caf\u00e9 Westrock Or\u00edgenes: El Salvador | Westrock Coffee","og_description":"El Salvador es el pa\u00eds m\u00e1s peque\u00f1o de Centroam\u00e9rica, con costa en el Pac\u00edfico y dos cadenas monta\u00f1osas paralelas. Las condiciones clim\u00e1ticas y geogr\u00e1ficas de El Salvador han propiciado el af\u00e1n de muchas generaciones de caficultores en seis regiones productoras. Cultivado desde principios del siglo XIX, el caf\u00e9 ha formado parte de la trayectoria de [&hellip;]","og_url":"https:\/\/www.westrockcoffee.com\/es\/cafe-westrock-origenes-el-salvador\/","og_site_name":"Westrock Coffee","article_published_time":"2023-08-21T21:06:46+00:00","article_modified_time":"2025-05-20T07:09:42+00:00","og_image":[{"width":2048,"height":1365,"url":"https:\/\/www.westrockcoffee.com\/wp-content\/uploads\/2024\/09\/shutterstock_197203280.jpg","type":"image\/jpeg"}],"author":"Westrock Marketing Team","twitter_card":"summary_large_image","twitter_misc":{"Written by":"Westrock Marketing Team","Est. reading time":"3 minutos"},"schema":{"@context":"https:\/\/schema.org","@graph":[{"@type":"Article","@id":"https:\/\/www.westrockcoffee.com\/es\/cafe-westrock-origenes-el-salvador\/#article","isPartOf":{"@id":"https:\/\/www.westrockcoffee.com\/es\/cafe-westrock-origenes-el-salvador\/"},"author":{"name":"Westrock Marketing Team","@id":"https:\/\/www.westrockcoffee.com\/es\/#\/schema\/person\/a7b148eae8e3373a9d443df29d8ed7c9"},"headline":"Caf\u00e9 Westrock Or\u00edgenes: El Salvador","datePublished":"2023-08-21T21:06:46+00:00","dateModified":"2025-05-20T07:09:42+00:00","mainEntityOfPage":{"@id":"https:\/\/www.westrockcoffee.com\/es\/cafe-westrock-origenes-el-salvador\/"},"wordCount":506,"image":{"@id":"https:\/\/www.westrockcoffee.com\/es\/cafe-westrock-origenes-el-salvador\/#primaryimage"},"thumbnailUrl":"https:\/\/www.westrockcoffee.com\/wp-content\/uploads\/2024\/09\/shutterstock_197203280.jpg","articleSection":["Sostenibilidad"],"inLanguage":"es"},{"@type":"WebPage","@id":"https:\/\/www.westrockcoffee.com\/es\/cafe-westrock-origenes-el-salvador\/","url":"https:\/\/www.westrockcoffee.com\/es\/cafe-westrock-origenes-el-salvador\/","name":"Caf\u00e9 Westrock Or\u00edgenes: El Salvador | Westrock Coffee","isPartOf":{"@id":"https:\/\/www.westrockcoffee.com\/es\/#website"},"primaryImageOfPage":{"@id":"https:\/\/www.westrockcoffee.com\/es\/cafe-westrock-origenes-el-salvador\/#primaryimage"},"image":{"@id":"https:\/\/www.westrockcoffee.com\/es\/cafe-westrock-origenes-el-salvador\/#primaryimage"},"thumbnailUrl":"https:\/\/www.westrockcoffee.com\/wp-content\/uploads\/2024\/09\/shutterstock_197203280.jpg","datePublished":"2023-08-21T21:06:46+00:00","dateModified":"2025-05-20T07:09:42+00:00","author":{"@id":"https:\/\/www.westrockcoffee.com\/es\/#\/schema\/person\/a7b148eae8e3373a9d443df29d8ed7c9"},"breadcrumb":{"@id":"https:\/\/www.westrockcoffee.com\/es\/cafe-westrock-origenes-el-salvador\/#breadcrumb"},"inLanguage":"es","potentialAction":[{"@type":"ReadAction","target":["https:\/\/www.westrockcoffee.com\/es\/cafe-westrock-origenes-el-salvador\/"]}]},{"@type":"ImageObject","inLanguage":"es","@id":"https:\/\/www.westrockcoffee.com\/es\/cafe-westrock-origenes-el-salvador\/#primaryimage","url":"https:\/\/www.westrockcoffee.com\/wp-content\/uploads\/2024\/09\/shutterstock_197203280.jpg","contentUrl":"https:\/\/www.westrockcoffee.com\/wp-content\/uploads\/2024\/09\/shutterstock_197203280.jpg","width":2048,"height":1365},{"@type":"BreadcrumbList","@id":"https:\/\/www.westrockcoffee.com\/es\/cafe-westrock-origenes-el-salvador\/#breadcrumb","itemListElement":[{"@type":"ListItem","position":1,"name":"Inicio","item":"https:\/\/www.westrockcoffee.com\/es\/"},{"@type":"ListItem","position":2,"name":"Caf\u00e9 Westrock Or\u00edgenes: El Salvador"}]},{"@type":"WebSite","@id":"https:\/\/www.westrockcoffee.com\/es\/#website","url":"https:\/\/www.westrockcoffee.com\/es\/","name":"Westrock Coffee","description":"","potentialAction":[{"@type":"SearchAction","target":{"@type":"EntryPoint","urlTemplate":"https:\/\/www.westrockcoffee.com\/es\/?s={search_term_string}"},"query-input":{"@type":"PropertyValueSpecification","valueRequired":true,"valueName":"search_term_string"}}],"inLanguage":"es"},{"@type":"Person","@id":"https:\/\/www.westrockcoffee.com\/es\/#\/schema\/person\/a7b148eae8e3373a9d443df29d8ed7c9","name":"Westrock Marketing Team","image":{"@type":"ImageObject","inLanguage":"es","@id":"https:\/\/www.westrockcoffee.com\/wp-content\/uploads\/2024\/09\/wr-placeholder.png3df4b92e9197ab443e68415227af4f7e","url":"https:\/\/www.westrockcoffee.com\/wp-content\/uploads\/2024\/09\/wr-placeholder.png","contentUrl":"https:\/\/www.westrockcoffee.com\/wp-content\/uploads\/2024\/09\/wr-placeholder.png","caption":"Westrock Marketing Team"},"url":"https:\/\/www.westrockcoffee.com\/es\/author\/ejones\/"}]}},"authors":[{"term_id":55,"user_id":6,"is_guest":0,"slug":"ejones","display_name":"Westrock Marketing Team","avatar_url":{"url":"https:\/\/www.westrockcoffee.com\/wp-content\/uploads\/2024\/09\/wr-placeholder.png","url2x":"https:\/\/www.westrockcoffee.com\/wp-content\/uploads\/2024\/09\/wr-placeholder.png"},"0":null,"1":"","2":"","3":"","4":"","5":"","6":"","7":"","8":""}],"_links":{"self":[{"href":"https:\/\/www.westrockcoffee.com\/es\/wp-json\/wp\/v2\/posts\/4046","targetHints":{"allow":["GET"]}}],"collection":[{"href":"https:\/\/www.westrockcoffee.com\/es\/wp-json\/wp\/v2\/posts"}],"about":[{"href":"https:\/\/www.westrockcoffee.com\/es\/wp-json\/wp\/v2\/types\/post"}],"author":[{"embeddable":true,"href":"https:\/\/www.westrockcoffee.com\/es\/wp-json\/wp\/v2\/users\/6"}],"replies":[{"embeddable":true,"href":"https:\/\/www.westrockcoffee.com\/es\/wp-json\/wp\/v2\/comments?post=4046"}],"version-history":[{"count":0,"href":"https:\/\/www.westrockcoffee.com\/es\/wp-json\/wp\/v2\/posts\/4046\/revisions"}],"wp:featuredmedia":[{"embeddable":true,"href":"https:\/\/www.westrockcoffee.com\/es\/wp-json\/wp\/v2\/media\/4048"}],"wp:attachment":[{"href":"https:\/\/www.westrockcoffee.com\/es\/wp-json\/wp\/v2\/media?parent=4046"}],"wp:term":[{"taxonomy":"category","embeddable":true,"href":"https:\/\/www.westrockcoffee.com\/es\/wp-json\/wp\/v2\/categories?post=4046"},{"taxonomy":"post_tag","embeddable":true,"href":"https:\/\/www.westrockcoffee.com\/es\/wp-json\/wp\/v2\/tags?post=4046"},{"taxonomy":"author","embeddable":true,"href":"https:\/\/www.westrockcoffee.com\/es\/wp-json\/wp\/v2\/ppma_author?post=4046"}],"curies":[{"name":"wp","href":"https:\/\/api.w.org\/{rel}","templated":true}]}}