{"id":4884,"date":"2023-01-13T19:39:54","date_gmt":"2023-01-14T00:39:54","guid":{"rendered":"https:\/\/westrockcoffee.wpenginepowered.com\/news\/13-de-enero-de-2023-informe-del-mercado-del-cafe-y-el-te\/"},"modified":"2025-05-20T06:55:06","modified_gmt":"2025-05-20T11:55:06","slug":"13-de-enero-de-2023-informe-del-mercado-del-cafe-y-el-te","status":"publish","type":"news","link":"https:\/\/www.westrockcoffee.com\/es\/news\/13-de-enero-de-2023-informe-del-mercado-del-cafe-y-el-te\/","title":{"rendered":"13 DE ENERO DE 2023 INFORME DEL MERCADO DEL CAF\u00c9 Y EL T\u00c9"},"content":{"rendered":"\n<p>\u00a0<\/p>\n\n<h2 class=\"wp-block-heading\"><strong><img decoding=\"async\" style=\"display: block; margin-left: auto; margin-right: auto;\" src=\"https:\/\/www.westrockcoffee.com\/wp-content\/uploads\/2024\/09\/WCC_Weekly_Coffee_Tea_Report-Header-16-9_2048x2048_413b644f-5f8e-4820-8600-0a991cd4b7e6_1024x1024.webp\" alt=\"\"\/><\/strong><\/h2>\n\n<h2 class=\"wp-block-heading\"><strong>Mercado del Caf\u00e9 <\/strong><strong> <\/strong><\/h2>\n\n<p>El mercado C experiment\u00f3 una semana extremadamente vol\u00e1til mientras los fondos y especuladores actuaban sin control. Los precios tocaron un m\u00ednimo de veinti\u00fan meses, ya que los especuladores inicialmente liquidaron posiciones largas pero eventualmente a\u00f1adieron cortos de manera agresiva. La expiraci\u00f3n de opciones de febrero de hoy a\u00f1adi\u00f3 combustible a medida que el mercado descend\u00eda. La compra por parte de la industria fue bastante modesta en la bajada, lo que ayud\u00f3 a la ca\u00edda. Una vez que la venta disminuy\u00f3, el mercado registr\u00f3 ganancias r\u00e1pidamente a medida que la compra industrial se volvi\u00f3 m\u00e1s agresiva y provoc\u00f3 una ligera cobertura corta por parte de los especuladores m\u00e1s peque\u00f1os. El movimiento result\u00f3 ser modesto, sin embargo, y el mercado se calm\u00f3 antes del largo fin de semana (cerrado el lunes por el D\u00eda de Martin Luther King). Realmente no hay nuevos desarrollos en el lado f\u00edsico del mercado, ya que todav\u00eda se siente en el letargo de las vacaciones en general. La ca\u00edda del mercado hizo que los diferenciales ya firmes se mantuvieran estables, pero sigue habiendo poco inter\u00e9s de venta. Con las cosechas de Centroam\u00e9rica fluyendo, el mercado pone su mirada en la cosecha de mitaca de Colombia. Se espera que el volumen disminuya alrededor del 10-15% debido a que las lluvias excesivas afectaron el desarrollo. La cosecha brasile\u00f1a sigue teniendo un clima favorable. Una previsi\u00f3n de la industria esta semana espera que la cosecha de Brasil restablezca el equilibrio entre la oferta y la demanda despu\u00e9s de dos a\u00f1os consecutivos de d\u00e9ficit. El panorama macroecon\u00f3mico sigue siendo vol\u00e1til. Se publicaron algunos datos de inflaci\u00f3n favorables, y muchos mercados terminaron la semana con una ligera tendencia al alza.             <\/p>\n\n<p>T\u00e9cnicamente, el mercado se movi\u00f3 a un territorio muy sobrevendido con la debilidad temprana. El rebote modesto fue suficiente para generar algunas se\u00f1ales de compra d\u00e9biles, pero en general, el mercado sigue en una postura negativa al final de la semana. Los patrones de gr\u00e1ficos han visto la ca\u00edda extenderse m\u00e1s de lo esperado y sugieren un rebote pronto, pero no hay se\u00f1ales de una reversi\u00f3n significativa a la vista. Esperar\u00eda que las cosas se pongan movidas en los pr\u00f3ximos d\u00edas. En general, aunque no hay un sentimiento alcista en los gr\u00e1ficos en este momento, todav\u00eda ver\u00eda los niveles actuales como un buen valor para extender la cobertura de manera medida. Una imagen equilibrada de oferta\/demanda para la segunda mitad del a\u00f1o no apunta a niveles m\u00e1s bajos de lo que estamos viendo. Por supuesto, no se pueden descartar m\u00e1s p\u00e9rdidas, pero deber\u00edan resultar dif\u00edciles de mantener. La volatilidad probablemente aumentar\u00e1 en las pr\u00f3ximas semanas, por lo que la precauci\u00f3n ser\u00e1 prudente.       <\/p>\n\n<h2 class=\"wp-block-heading\"><strong>Mercado del T\u00e9<\/strong><\/h2>\n\n<p>Todav\u00eda no hay muchos cambios en el mercado del t\u00e9. Los t\u00e9s de menor calidad siguen viendo poco inter\u00e9s, mientras que la actividad de los t\u00e9s de mejor calidad es buena a precios ligeramente m\u00e1s bajos. En general, la producci\u00f3n global parece estable, salvo en Argentina. La cosecha en Argentina ha comenzado lentamente debido a las malas condiciones clim\u00e1ticas. Esto es una preocupaci\u00f3n no solo por las necesidades actuales, sino tambi\u00e9n por la falta de existencias disponibles. Se ha compensado parte de la producci\u00f3n deficitaria de la temporada pasada, pero en general las cosas est\u00e1n retrasadas. El mejoramiento del clima ha generado algo de optimismo, sin embargo. Las pr\u00f3ximas semanas ser\u00e1n cr\u00edticas.        <\/p>\n\n<p>Para obtener m\u00e1s informaci\u00f3n y an\u00e1lisis sobre los datos actuales del mercado de caf\u00e9 y t\u00e9, consulte el <a href=\"https:\/\/www.westrockcoffee.com\/wp-content\/uploads\/2024\/10\/Westrock_Coffee_Report-_Week_of_Janury_9_to_January_13_2023.pdf\">informe semanal<\/a> del equipo de productos b\u00e1sicos de Westrock Coffee.<\/p>\n","protected":false},"excerpt":{"rendered":"<p>\u00a0 Mercado del Caf\u00e9 El mercado C experiment\u00f3 una semana extremadamente vol\u00e1til mientras los fondos y especuladores actuaban sin control. Los precios tocaron un m\u00ednimo de veinti\u00fan meses, ya que los especuladores inicialmente liquidaron posiciones largas pero eventualmente a\u00f1adieron cortos de manera agresiva. La expiraci\u00f3n de opciones de febrero de hoy a\u00f1adi\u00f3 combustible a medida [&hellip;]<\/p>\n","protected":false},"author":9,"featured_media":0,"template":"","meta":{"_acf_changed":false,"content-type":""},"categories":[147],"tags":[],"ppma_author":[45],"class_list":["post-4884","news","type-news","status-publish","hentry","category-informes-de-mercado"],"acf":[],"yoast_head":"<!-- This site is optimized with the Yoast SEO plugin v27.5 - https:\/\/yoast.com\/product\/yoast-seo-wordpress\/ -->\n<title>13 DE ENERO DE 2023 INFORME DEL MERCADO DEL CAF\u00c9 Y EL T\u00c9 % | Westrock Coffee<\/title>\n<meta name=\"robots\" content=\"index, follow, max-snippet:-1, max-image-preview:large, max-video-preview:-1\" \/>\n<link rel=\"canonical\" href=\"https:\/\/www.westrockcoffee.com\/es\/news\/13-de-enero-de-2023-informe-del-mercado-del-cafe-y-el-te\/\" \/>\n<meta property=\"og:locale\" content=\"es_ES\" \/>\n<meta property=\"og:type\" content=\"article\" \/>\n<meta property=\"og:title\" content=\"13 DE ENERO DE 2023 INFORME DEL MERCADO DEL CAF\u00c9 Y EL T\u00c9 % | Westrock Coffee\" \/>\n<meta property=\"og:description\" content=\"\u00a0 Mercado del Caf\u00e9 El mercado C experiment\u00f3 una semana extremadamente vol\u00e1til mientras los fondos y especuladores actuaban sin control. Los precios tocaron un m\u00ednimo de veinti\u00fan meses, ya que los especuladores inicialmente liquidaron posiciones largas pero eventualmente a\u00f1adieron cortos de manera agresiva. La expiraci\u00f3n de opciones de febrero de hoy a\u00f1adi\u00f3 combustible a medida [&hellip;]\" \/>\n<meta property=\"og:url\" content=\"https:\/\/www.westrockcoffee.com\/es\/news\/13-de-enero-de-2023-informe-del-mercado-del-cafe-y-el-te\/\" \/>\n<meta property=\"og:site_name\" content=\"Westrock Coffee\" \/>\n<meta property=\"article:modified_time\" content=\"2025-05-20T11:55:06+00:00\" \/>\n<meta property=\"og:image\" content=\"https:\/\/www.westrockcoffee.com\/wp-content\/uploads\/2024\/09\/WCC_Weekly_Coffee_Tea_Report-Header-16-9_2048x2048_413b644f-5f8e-4820-8600-0a991cd4b7e6_1024x1024.webp\" \/>\n<meta name=\"twitter:card\" content=\"summary_large_image\" \/>\n<meta name=\"twitter:label1\" content=\"Est. reading time\" \/>\n\t<meta name=\"twitter:data1\" content=\"3 minutos\" \/>\n<script type=\"application\/ld+json\" class=\"yoast-schema-graph\">{\"@context\":\"https:\\\/\\\/schema.org\",\"@graph\":[{\"@type\":\"WebPage\",\"@id\":\"https:\\\/\\\/www.westrockcoffee.com\\\/es\\\/news\\\/13-de-enero-de-2023-informe-del-mercado-del-cafe-y-el-te\\\/\",\"url\":\"https:\\\/\\\/www.westrockcoffee.com\\\/es\\\/news\\\/13-de-enero-de-2023-informe-del-mercado-del-cafe-y-el-te\\\/\",\"name\":\"13 DE ENERO DE 2023 INFORME DEL MERCADO DEL CAF\u00c9 Y EL T\u00c9 % | Westrock Coffee\",\"isPartOf\":{\"@id\":\"https:\\\/\\\/www.westrockcoffee.com\\\/es\\\/#website\"},\"primaryImageOfPage\":{\"@id\":\"https:\\\/\\\/www.westrockcoffee.com\\\/es\\\/news\\\/13-de-enero-de-2023-informe-del-mercado-del-cafe-y-el-te\\\/#primaryimage\"},\"image\":{\"@id\":\"https:\\\/\\\/www.westrockcoffee.com\\\/es\\\/news\\\/13-de-enero-de-2023-informe-del-mercado-del-cafe-y-el-te\\\/#primaryimage\"},\"thumbnailUrl\":\"https:\\\/\\\/www.westrockcoffee.com\\\/wp-content\\\/uploads\\\/2024\\\/09\\\/WCC_Weekly_Coffee_Tea_Report-Header-16-9_2048x2048_413b644f-5f8e-4820-8600-0a991cd4b7e6_1024x1024.webp\",\"datePublished\":\"2023-01-14T00:39:54+00:00\",\"dateModified\":\"2025-05-20T11:55:06+00:00\",\"breadcrumb\":{\"@id\":\"https:\\\/\\\/www.westrockcoffee.com\\\/es\\\/news\\\/13-de-enero-de-2023-informe-del-mercado-del-cafe-y-el-te\\\/#breadcrumb\"},\"inLanguage\":\"es\",\"potentialAction\":[{\"@type\":\"ReadAction\",\"target\":[\"https:\\\/\\\/www.westrockcoffee.com\\\/es\\\/news\\\/13-de-enero-de-2023-informe-del-mercado-del-cafe-y-el-te\\\/\"]}]},{\"@type\":\"ImageObject\",\"inLanguage\":\"es\",\"@id\":\"https:\\\/\\\/www.westrockcoffee.com\\\/es\\\/news\\\/13-de-enero-de-2023-informe-del-mercado-del-cafe-y-el-te\\\/#primaryimage\",\"url\":\"https:\\\/\\\/www.westrockcoffee.com\\\/wp-content\\\/uploads\\\/2024\\\/09\\\/WCC_Weekly_Coffee_Tea_Report-Header-16-9_2048x2048_413b644f-5f8e-4820-8600-0a991cd4b7e6_1024x1024.webp\",\"contentUrl\":\"https:\\\/\\\/www.westrockcoffee.com\\\/wp-content\\\/uploads\\\/2024\\\/09\\\/WCC_Weekly_Coffee_Tea_Report-Header-16-9_2048x2048_413b644f-5f8e-4820-8600-0a991cd4b7e6_1024x1024.webp\"},{\"@type\":\"BreadcrumbList\",\"@id\":\"https:\\\/\\\/www.westrockcoffee.com\\\/es\\\/news\\\/13-de-enero-de-2023-informe-del-mercado-del-cafe-y-el-te\\\/#breadcrumb\",\"itemListElement\":[{\"@type\":\"ListItem\",\"position\":1,\"name\":\"Inicio\",\"item\":\"https:\\\/\\\/www.westrockcoffee.com\\\/es\\\/\"},{\"@type\":\"ListItem\",\"position\":2,\"name\":\"13 DE ENERO DE 2023 INFORME DEL MERCADO DEL CAF\u00c9 Y EL T\u00c9\"}]},{\"@type\":\"WebSite\",\"@id\":\"https:\\\/\\\/www.westrockcoffee.com\\\/es\\\/#website\",\"url\":\"https:\\\/\\\/www.westrockcoffee.com\\\/es\\\/\",\"name\":\"Westrock Coffee\",\"description\":\"\",\"potentialAction\":[{\"@type\":\"SearchAction\",\"target\":{\"@type\":\"EntryPoint\",\"urlTemplate\":\"https:\\\/\\\/www.westrockcoffee.com\\\/es\\\/?s={search_term_string}\"},\"query-input\":{\"@type\":\"PropertyValueSpecification\",\"valueRequired\":true,\"valueName\":\"search_term_string\"}}],\"inLanguage\":\"es\"}]}<\/script>\n<!-- \/ Yoast SEO plugin. -->","yoast_head_json":{"title":"13 DE ENERO DE 2023 INFORME DEL MERCADO DEL CAF\u00c9 Y EL T\u00c9 % | Westrock Coffee","robots":{"index":"index","follow":"follow","max-snippet":"max-snippet:-1","max-image-preview":"max-image-preview:large","max-video-preview":"max-video-preview:-1"},"canonical":"https:\/\/www.westrockcoffee.com\/es\/news\/13-de-enero-de-2023-informe-del-mercado-del-cafe-y-el-te\/","og_locale":"es_ES","og_type":"article","og_title":"13 DE ENERO DE 2023 INFORME DEL MERCADO DEL CAF\u00c9 Y EL T\u00c9 % | Westrock Coffee","og_description":"\u00a0 Mercado del Caf\u00e9 El mercado C experiment\u00f3 una semana extremadamente vol\u00e1til mientras los fondos y especuladores actuaban sin control. Los precios tocaron un m\u00ednimo de veinti\u00fan meses, ya que los especuladores inicialmente liquidaron posiciones largas pero eventualmente a\u00f1adieron cortos de manera agresiva. La expiraci\u00f3n de opciones de febrero de hoy a\u00f1adi\u00f3 combustible a medida [&hellip;]","og_url":"https:\/\/www.westrockcoffee.com\/es\/news\/13-de-enero-de-2023-informe-del-mercado-del-cafe-y-el-te\/","og_site_name":"Westrock Coffee","article_modified_time":"2025-05-20T11:55:06+00:00","og_image":[{"url":"https:\/\/www.westrockcoffee.com\/wp-content\/uploads\/2024\/09\/WCC_Weekly_Coffee_Tea_Report-Header-16-9_2048x2048_413b644f-5f8e-4820-8600-0a991cd4b7e6_1024x1024.webp","type":"","width":"","height":""}],"twitter_card":"summary_large_image","twitter_misc":{"Est. reading time":"3 minutos"},"schema":{"@context":"https:\/\/schema.org","@graph":[{"@type":"WebPage","@id":"https:\/\/www.westrockcoffee.com\/es\/news\/13-de-enero-de-2023-informe-del-mercado-del-cafe-y-el-te\/","url":"https:\/\/www.westrockcoffee.com\/es\/news\/13-de-enero-de-2023-informe-del-mercado-del-cafe-y-el-te\/","name":"13 DE ENERO DE 2023 INFORME DEL MERCADO DEL CAF\u00c9 Y EL T\u00c9 % | Westrock Coffee","isPartOf":{"@id":"https:\/\/www.westrockcoffee.com\/es\/#website"},"primaryImageOfPage":{"@id":"https:\/\/www.westrockcoffee.com\/es\/news\/13-de-enero-de-2023-informe-del-mercado-del-cafe-y-el-te\/#primaryimage"},"image":{"@id":"https:\/\/www.westrockcoffee.com\/es\/news\/13-de-enero-de-2023-informe-del-mercado-del-cafe-y-el-te\/#primaryimage"},"thumbnailUrl":"https:\/\/www.westrockcoffee.com\/wp-content\/uploads\/2024\/09\/WCC_Weekly_Coffee_Tea_Report-Header-16-9_2048x2048_413b644f-5f8e-4820-8600-0a991cd4b7e6_1024x1024.webp","datePublished":"2023-01-14T00:39:54+00:00","dateModified":"2025-05-20T11:55:06+00:00","breadcrumb":{"@id":"https:\/\/www.westrockcoffee.com\/es\/news\/13-de-enero-de-2023-informe-del-mercado-del-cafe-y-el-te\/#breadcrumb"},"inLanguage":"es","potentialAction":[{"@type":"ReadAction","target":["https:\/\/www.westrockcoffee.com\/es\/news\/13-de-enero-de-2023-informe-del-mercado-del-cafe-y-el-te\/"]}]},{"@type":"ImageObject","inLanguage":"es","@id":"https:\/\/www.westrockcoffee.com\/es\/news\/13-de-enero-de-2023-informe-del-mercado-del-cafe-y-el-te\/#primaryimage","url":"https:\/\/www.westrockcoffee.com\/wp-content\/uploads\/2024\/09\/WCC_Weekly_Coffee_Tea_Report-Header-16-9_2048x2048_413b644f-5f8e-4820-8600-0a991cd4b7e6_1024x1024.webp","contentUrl":"https:\/\/www.westrockcoffee.com\/wp-content\/uploads\/2024\/09\/WCC_Weekly_Coffee_Tea_Report-Header-16-9_2048x2048_413b644f-5f8e-4820-8600-0a991cd4b7e6_1024x1024.webp"},{"@type":"BreadcrumbList","@id":"https:\/\/www.westrockcoffee.com\/es\/news\/13-de-enero-de-2023-informe-del-mercado-del-cafe-y-el-te\/#breadcrumb","itemListElement":[{"@type":"ListItem","position":1,"name":"Inicio","item":"https:\/\/www.westrockcoffee.com\/es\/"},{"@type":"ListItem","position":2,"name":"13 DE ENERO DE 2023 INFORME DEL MERCADO DEL CAF\u00c9 Y EL T\u00c9"}]},{"@type":"WebSite","@id":"https:\/\/www.westrockcoffee.com\/es\/#website","url":"https:\/\/www.westrockcoffee.com\/es\/","name":"Westrock Coffee","description":"","potentialAction":[{"@type":"SearchAction","target":{"@type":"EntryPoint","urlTemplate":"https:\/\/www.westrockcoffee.com\/es\/?s={search_term_string}"},"query-input":{"@type":"PropertyValueSpecification","valueRequired":true,"valueName":"search_term_string"}}],"inLanguage":"es"}]}},"_links":{"self":[{"href":"https:\/\/www.westrockcoffee.com\/es\/wp-json\/wp\/v2\/news\/4884","targetHints":{"allow":["GET"]}}],"collection":[{"href":"https:\/\/www.westrockcoffee.com\/es\/wp-json\/wp\/v2\/news"}],"about":[{"href":"https:\/\/www.westrockcoffee.com\/es\/wp-json\/wp\/v2\/types\/news"}],"author":[{"embeddable":true,"href":"https:\/\/www.westrockcoffee.com\/es\/wp-json\/wp\/v2\/users\/9"}],"wp:attachment":[{"href":"https:\/\/www.westrockcoffee.com\/es\/wp-json\/wp\/v2\/media?parent=4884"}],"wp:term":[{"taxonomy":"category","embeddable":true,"href":"https:\/\/www.westrockcoffee.com\/es\/wp-json\/wp\/v2\/categories?post=4884"},{"taxonomy":"post_tag","embeddable":true,"href":"https:\/\/www.westrockcoffee.com\/es\/wp-json\/wp\/v2\/tags?post=4884"},{"taxonomy":"author","embeddable":true,"href":"https:\/\/www.westrockcoffee.com\/es\/wp-json\/wp\/v2\/ppma_author?post=4884"}],"curies":[{"name":"wp","href":"https:\/\/api.w.org\/{rel}","templated":true}]}}