{"id":4829,"date":"2023-04-03T13:50:40","date_gmt":"2023-04-03T18:50:40","guid":{"rendered":"https:\/\/westrockcoffee.wpenginepowered.com\/news\/3-de-abril-de-2023-informe-del-mercado-del-cafe-y-el-te\/"},"modified":"2025-05-20T05:15:31","modified_gmt":"2025-05-20T10:15:31","slug":"3-de-abril-de-2023-informe-del-mercado-del-cafe-y-el-te","status":"publish","type":"news","link":"https:\/\/www.westrockcoffee.com\/es\/news\/3-de-abril-de-2023-informe-del-mercado-del-cafe-y-el-te\/","title":{"rendered":"3 DE ABRIL DE 2023 &#8211; INFORME DEL MERCADO DEL CAF\u00c9 Y EL T\u00c9"},"content":{"rendered":"\n<figure class=\"wp-block-image\"><img decoding=\"async\" src=\"https:\/\/www.westrockcoffee.com\/wp-content\/uploads\/2024\/09\/WCC_Weekly_Coffee_Tea_Report-Header-16-9_2048x2048_413b644f-5f8e-4820-8600-0a991cd4b7e6_1024x1024.webp\" alt=\"\"\/><\/figure>\n\n<p class=\"p1\"><\/p>\n\n<h2 class=\"wp-block-heading p2\"><b>Mercado del Caf\u00e9 <\/b><\/h2>\n\n<p class=\"p3\">El mercado C vio m\u00ednimos de dos meses negociarse con un volumen d\u00e9bil. Gran parte del movimiento fue, nuevamente, proporcionado por especuladores m\u00e1s grandes que operaban de un lado a otro. Durante la semana, los especuladores largos liquidaron un poco en un entorno tranquilo y el mercado perdi\u00f3 alrededor del 4%. Hubo cierto inter\u00e9s de compra por parte de la industria en los m\u00ednimos, lo que proporcion\u00f3 un rebote tard\u00edo esta tarde. A pesar de un rango de dieciocho centavos, la actividad se sinti\u00f3 apagada. La actividad f\u00edsica sigue siendo tranquila y espor\u00e1dica. Los diferenciales han disminuido ligeramente pero no han logrado generar ning\u00fan inter\u00e9s notable. Gran parte de la industria parece estar en una mentalidad de esperar y ver para cualquier necesidad futura. Sigue habiendo un vac\u00edo de noticias relacionadas con el caf\u00e9. La cosecha de Brasil se est\u00e1 desarrollando tranquilamente. El enfoque deber\u00eda cambiar a la vigilancia del clima durante las pr\u00f3ximas tres o cuatro semanas, pero no hay mucho que esperar hasta entonces. Poca informaci\u00f3n del panorama macroecon\u00f3mico. Las materias primas en general estuvieron bastante mezcladas durante la semana.            <\/p>\n\n<p class=\"p3\">T\u00e9cnicamente, esta semana fue un poco variada. El rebote tard\u00edo de hoy gener\u00f3 algunas se\u00f1ales de compra d\u00e9biles, pero no necesariamente sugiere que una recuperaci\u00f3n sea inminente. Los patrones gr\u00e1ficos a\u00fan parecen correctivos desde los m\u00e1ximos de febrero, pero a\u00fan sugieren que son probables m\u00e1s p\u00e9rdidas a corto plazo. Dicho esto, estamos operando cerca de lo que deber\u00eda demostrar ser el extremo inferior del rango para los pr\u00f3ximos meses. Asumiendo un rango de negociaci\u00f3n aproximado de 150-190 para el resto del a\u00f1o calendario, los niveles actuales son una especie de territorio neutral. A corto plazo, se esperar\u00eda una prueba un poco m\u00e1s baja dentro del rango y se ver\u00edan los precios hacia 160 como un valor para extender la cobertura necesaria. De lo contrario, intentar\u00eda mantenerme firme durante las pr\u00f3ximas semanas hasta que comiencen a llegar los informes meteorol\u00f3gicos.      <\/p>\n\n<h2 class=\"wp-block-heading p2\"><b>Mercado del T\u00e9 <\/b><\/h2>\n\n<p class=\"p3\">La demanda disminuy\u00f3 notablemente esta semana debido al Ramad\u00e1n y los precios continuaron la misma tendencia de seguir la calidad. Hubo buenas lluvias en el norte de India que deber\u00edan traer el Primer Flush pronto y la cosecha se ve optimista aunque se necesitan m\u00e1s lluvias ya que los informes indican una baja producci\u00f3n en los meses de febrero y marzo. Argentina tambi\u00e9n ha sido una grata sorpresa con rendimientos m\u00e1s altos de lo esperado hasta ahora, a pesar de un clima menos que ideal y un sentimiento negativo al inicio de la temporada de cosecha de este a\u00f1o, aunque sigue siendo inferior al de los \u00faltimos a\u00f1os. En general, la mayor\u00eda de los or\u00edgenes est\u00e1n viendo una perspectiva relativamente positiva en los rendimientos de las cosechas esta temporada, pero esto no es una buena noticia para aquellos or\u00edgenes que a\u00fan tienen un exceso de t\u00e9s de menor calidad que no han podido encontrar un mercado. Hay mucho t\u00e9 disponible, pero el problema es que muchas de las calidades superiores no disfrutan de este excedente, por lo que las din\u00e1micas del mercado son muy diferentes dependiendo de la calidad que est\u00e9s buscando.    <\/p>\n\n<p class=\"p3\">Puedes ver el <a href=\"https:\/\/www.westrockcoffee.com\/wp-content\/uploads\/2024\/10\/Westrock_Coffee_Report-_Week_of_March_27_to_March_31_2023.pdf\">informe completo aqu\u00ed.<\/a> <\/p>\n","protected":false},"excerpt":{"rendered":"<p>Mercado del Caf\u00e9 El mercado C vio m\u00ednimos de dos meses negociarse con un volumen d\u00e9bil. Gran parte del movimiento fue, nuevamente, proporcionado por especuladores m\u00e1s grandes que operaban de un lado a otro. Durante la semana, los especuladores largos liquidaron un poco en un entorno tranquilo y el mercado perdi\u00f3 alrededor del 4%. Hubo [&hellip;]<\/p>\n","protected":false},"author":9,"featured_media":0,"template":"","meta":{"_acf_changed":false,"content-type":""},"categories":[147],"tags":[],"ppma_author":[45],"class_list":["post-4829","news","type-news","status-publish","hentry","category-informes-de-mercado"],"acf":[],"yoast_head":"<!-- This site is optimized with the Yoast SEO plugin v27.5 - https:\/\/yoast.com\/product\/yoast-seo-wordpress\/ -->\n<title>3 DE ABRIL DE 2023 - INFORME DEL MERCADO DEL CAF\u00c9 Y EL T\u00c9 % | Westrock Coffee<\/title>\n<meta name=\"robots\" content=\"index, follow, max-snippet:-1, max-image-preview:large, max-video-preview:-1\" \/>\n<link rel=\"canonical\" href=\"https:\/\/www.westrockcoffee.com\/es\/news\/3-de-abril-de-2023-informe-del-mercado-del-cafe-y-el-te\/\" \/>\n<meta property=\"og:locale\" content=\"es_ES\" \/>\n<meta property=\"og:type\" content=\"article\" \/>\n<meta property=\"og:title\" content=\"3 DE ABRIL DE 2023 - INFORME DEL MERCADO DEL CAF\u00c9 Y EL T\u00c9 % | Westrock Coffee\" \/>\n<meta property=\"og:description\" content=\"Mercado del Caf\u00e9 El mercado C vio m\u00ednimos de dos meses negociarse con un volumen d\u00e9bil. Gran parte del movimiento fue, nuevamente, proporcionado por especuladores m\u00e1s grandes que operaban de un lado a otro. Durante la semana, los especuladores largos liquidaron un poco en un entorno tranquilo y el mercado perdi\u00f3 alrededor del 4%. Hubo [&hellip;]\" \/>\n<meta property=\"og:url\" content=\"https:\/\/www.westrockcoffee.com\/es\/news\/3-de-abril-de-2023-informe-del-mercado-del-cafe-y-el-te\/\" \/>\n<meta property=\"og:site_name\" content=\"Westrock Coffee\" \/>\n<meta property=\"article:modified_time\" content=\"2025-05-20T10:15:31+00:00\" \/>\n<meta property=\"og:image\" content=\"https:\/\/www.westrockcoffee.com\/wp-content\/uploads\/2024\/09\/WCC_Weekly_Coffee_Tea_Report-Header-16-9_2048x2048_413b644f-5f8e-4820-8600-0a991cd4b7e6_1024x1024.webp\" \/>\n<meta name=\"twitter:card\" content=\"summary_large_image\" \/>\n<meta name=\"twitter:label1\" content=\"Est. reading time\" \/>\n\t<meta name=\"twitter:data1\" content=\"3 minutos\" \/>\n<script type=\"application\/ld+json\" class=\"yoast-schema-graph\">{\"@context\":\"https:\\\/\\\/schema.org\",\"@graph\":[{\"@type\":\"WebPage\",\"@id\":\"https:\\\/\\\/www.westrockcoffee.com\\\/es\\\/news\\\/3-de-abril-de-2023-informe-del-mercado-del-cafe-y-el-te\\\/\",\"url\":\"https:\\\/\\\/www.westrockcoffee.com\\\/es\\\/news\\\/3-de-abril-de-2023-informe-del-mercado-del-cafe-y-el-te\\\/\",\"name\":\"3 DE ABRIL DE 2023 - INFORME DEL MERCADO DEL CAF\u00c9 Y EL T\u00c9 % | Westrock Coffee\",\"isPartOf\":{\"@id\":\"https:\\\/\\\/www.westrockcoffee.com\\\/es\\\/#website\"},\"primaryImageOfPage\":{\"@id\":\"https:\\\/\\\/www.westrockcoffee.com\\\/es\\\/news\\\/3-de-abril-de-2023-informe-del-mercado-del-cafe-y-el-te\\\/#primaryimage\"},\"image\":{\"@id\":\"https:\\\/\\\/www.westrockcoffee.com\\\/es\\\/news\\\/3-de-abril-de-2023-informe-del-mercado-del-cafe-y-el-te\\\/#primaryimage\"},\"thumbnailUrl\":\"https:\\\/\\\/www.westrockcoffee.com\\\/wp-content\\\/uploads\\\/2024\\\/09\\\/WCC_Weekly_Coffee_Tea_Report-Header-16-9_2048x2048_413b644f-5f8e-4820-8600-0a991cd4b7e6_1024x1024.webp\",\"datePublished\":\"2023-04-03T18:50:40+00:00\",\"dateModified\":\"2025-05-20T10:15:31+00:00\",\"breadcrumb\":{\"@id\":\"https:\\\/\\\/www.westrockcoffee.com\\\/es\\\/news\\\/3-de-abril-de-2023-informe-del-mercado-del-cafe-y-el-te\\\/#breadcrumb\"},\"inLanguage\":\"es\",\"potentialAction\":[{\"@type\":\"ReadAction\",\"target\":[\"https:\\\/\\\/www.westrockcoffee.com\\\/es\\\/news\\\/3-de-abril-de-2023-informe-del-mercado-del-cafe-y-el-te\\\/\"]}]},{\"@type\":\"ImageObject\",\"inLanguage\":\"es\",\"@id\":\"https:\\\/\\\/www.westrockcoffee.com\\\/es\\\/news\\\/3-de-abril-de-2023-informe-del-mercado-del-cafe-y-el-te\\\/#primaryimage\",\"url\":\"https:\\\/\\\/www.westrockcoffee.com\\\/wp-content\\\/uploads\\\/2024\\\/09\\\/WCC_Weekly_Coffee_Tea_Report-Header-16-9_2048x2048_413b644f-5f8e-4820-8600-0a991cd4b7e6_1024x1024.webp\",\"contentUrl\":\"https:\\\/\\\/www.westrockcoffee.com\\\/wp-content\\\/uploads\\\/2024\\\/09\\\/WCC_Weekly_Coffee_Tea_Report-Header-16-9_2048x2048_413b644f-5f8e-4820-8600-0a991cd4b7e6_1024x1024.webp\"},{\"@type\":\"BreadcrumbList\",\"@id\":\"https:\\\/\\\/www.westrockcoffee.com\\\/es\\\/news\\\/3-de-abril-de-2023-informe-del-mercado-del-cafe-y-el-te\\\/#breadcrumb\",\"itemListElement\":[{\"@type\":\"ListItem\",\"position\":1,\"name\":\"Inicio\",\"item\":\"https:\\\/\\\/www.westrockcoffee.com\\\/es\\\/\"},{\"@type\":\"ListItem\",\"position\":2,\"name\":\"3 DE ABRIL DE 2023 &#8211; INFORME DEL MERCADO DEL CAF\u00c9 Y EL T\u00c9\"}]},{\"@type\":\"WebSite\",\"@id\":\"https:\\\/\\\/www.westrockcoffee.com\\\/es\\\/#website\",\"url\":\"https:\\\/\\\/www.westrockcoffee.com\\\/es\\\/\",\"name\":\"Westrock Coffee\",\"description\":\"\",\"potentialAction\":[{\"@type\":\"SearchAction\",\"target\":{\"@type\":\"EntryPoint\",\"urlTemplate\":\"https:\\\/\\\/www.westrockcoffee.com\\\/es\\\/?s={search_term_string}\"},\"query-input\":{\"@type\":\"PropertyValueSpecification\",\"valueRequired\":true,\"valueName\":\"search_term_string\"}}],\"inLanguage\":\"es\"}]}<\/script>\n<!-- \/ Yoast SEO plugin. -->","yoast_head_json":{"title":"3 DE ABRIL DE 2023 - INFORME DEL MERCADO DEL CAF\u00c9 Y EL T\u00c9 % | Westrock Coffee","robots":{"index":"index","follow":"follow","max-snippet":"max-snippet:-1","max-image-preview":"max-image-preview:large","max-video-preview":"max-video-preview:-1"},"canonical":"https:\/\/www.westrockcoffee.com\/es\/news\/3-de-abril-de-2023-informe-del-mercado-del-cafe-y-el-te\/","og_locale":"es_ES","og_type":"article","og_title":"3 DE ABRIL DE 2023 - INFORME DEL MERCADO DEL CAF\u00c9 Y EL T\u00c9 % | Westrock Coffee","og_description":"Mercado del Caf\u00e9 El mercado C vio m\u00ednimos de dos meses negociarse con un volumen d\u00e9bil. Gran parte del movimiento fue, nuevamente, proporcionado por especuladores m\u00e1s grandes que operaban de un lado a otro. Durante la semana, los especuladores largos liquidaron un poco en un entorno tranquilo y el mercado perdi\u00f3 alrededor del 4%. Hubo [&hellip;]","og_url":"https:\/\/www.westrockcoffee.com\/es\/news\/3-de-abril-de-2023-informe-del-mercado-del-cafe-y-el-te\/","og_site_name":"Westrock Coffee","article_modified_time":"2025-05-20T10:15:31+00:00","og_image":[{"url":"https:\/\/www.westrockcoffee.com\/wp-content\/uploads\/2024\/09\/WCC_Weekly_Coffee_Tea_Report-Header-16-9_2048x2048_413b644f-5f8e-4820-8600-0a991cd4b7e6_1024x1024.webp","type":"","width":"","height":""}],"twitter_card":"summary_large_image","twitter_misc":{"Est. reading time":"3 minutos"},"schema":{"@context":"https:\/\/schema.org","@graph":[{"@type":"WebPage","@id":"https:\/\/www.westrockcoffee.com\/es\/news\/3-de-abril-de-2023-informe-del-mercado-del-cafe-y-el-te\/","url":"https:\/\/www.westrockcoffee.com\/es\/news\/3-de-abril-de-2023-informe-del-mercado-del-cafe-y-el-te\/","name":"3 DE ABRIL DE 2023 - INFORME DEL MERCADO DEL CAF\u00c9 Y EL T\u00c9 % | Westrock Coffee","isPartOf":{"@id":"https:\/\/www.westrockcoffee.com\/es\/#website"},"primaryImageOfPage":{"@id":"https:\/\/www.westrockcoffee.com\/es\/news\/3-de-abril-de-2023-informe-del-mercado-del-cafe-y-el-te\/#primaryimage"},"image":{"@id":"https:\/\/www.westrockcoffee.com\/es\/news\/3-de-abril-de-2023-informe-del-mercado-del-cafe-y-el-te\/#primaryimage"},"thumbnailUrl":"https:\/\/www.westrockcoffee.com\/wp-content\/uploads\/2024\/09\/WCC_Weekly_Coffee_Tea_Report-Header-16-9_2048x2048_413b644f-5f8e-4820-8600-0a991cd4b7e6_1024x1024.webp","datePublished":"2023-04-03T18:50:40+00:00","dateModified":"2025-05-20T10:15:31+00:00","breadcrumb":{"@id":"https:\/\/www.westrockcoffee.com\/es\/news\/3-de-abril-de-2023-informe-del-mercado-del-cafe-y-el-te\/#breadcrumb"},"inLanguage":"es","potentialAction":[{"@type":"ReadAction","target":["https:\/\/www.westrockcoffee.com\/es\/news\/3-de-abril-de-2023-informe-del-mercado-del-cafe-y-el-te\/"]}]},{"@type":"ImageObject","inLanguage":"es","@id":"https:\/\/www.westrockcoffee.com\/es\/news\/3-de-abril-de-2023-informe-del-mercado-del-cafe-y-el-te\/#primaryimage","url":"https:\/\/www.westrockcoffee.com\/wp-content\/uploads\/2024\/09\/WCC_Weekly_Coffee_Tea_Report-Header-16-9_2048x2048_413b644f-5f8e-4820-8600-0a991cd4b7e6_1024x1024.webp","contentUrl":"https:\/\/www.westrockcoffee.com\/wp-content\/uploads\/2024\/09\/WCC_Weekly_Coffee_Tea_Report-Header-16-9_2048x2048_413b644f-5f8e-4820-8600-0a991cd4b7e6_1024x1024.webp"},{"@type":"BreadcrumbList","@id":"https:\/\/www.westrockcoffee.com\/es\/news\/3-de-abril-de-2023-informe-del-mercado-del-cafe-y-el-te\/#breadcrumb","itemListElement":[{"@type":"ListItem","position":1,"name":"Inicio","item":"https:\/\/www.westrockcoffee.com\/es\/"},{"@type":"ListItem","position":2,"name":"3 DE ABRIL DE 2023 &#8211; INFORME DEL MERCADO DEL CAF\u00c9 Y EL T\u00c9"}]},{"@type":"WebSite","@id":"https:\/\/www.westrockcoffee.com\/es\/#website","url":"https:\/\/www.westrockcoffee.com\/es\/","name":"Westrock Coffee","description":"","potentialAction":[{"@type":"SearchAction","target":{"@type":"EntryPoint","urlTemplate":"https:\/\/www.westrockcoffee.com\/es\/?s={search_term_string}"},"query-input":{"@type":"PropertyValueSpecification","valueRequired":true,"valueName":"search_term_string"}}],"inLanguage":"es"}]}},"_links":{"self":[{"href":"https:\/\/www.westrockcoffee.com\/es\/wp-json\/wp\/v2\/news\/4829","targetHints":{"allow":["GET"]}}],"collection":[{"href":"https:\/\/www.westrockcoffee.com\/es\/wp-json\/wp\/v2\/news"}],"about":[{"href":"https:\/\/www.westrockcoffee.com\/es\/wp-json\/wp\/v2\/types\/news"}],"author":[{"embeddable":true,"href":"https:\/\/www.westrockcoffee.com\/es\/wp-json\/wp\/v2\/users\/9"}],"wp:attachment":[{"href":"https:\/\/www.westrockcoffee.com\/es\/wp-json\/wp\/v2\/media?parent=4829"}],"wp:term":[{"taxonomy":"category","embeddable":true,"href":"https:\/\/www.westrockcoffee.com\/es\/wp-json\/wp\/v2\/categories?post=4829"},{"taxonomy":"post_tag","embeddable":true,"href":"https:\/\/www.westrockcoffee.com\/es\/wp-json\/wp\/v2\/tags?post=4829"},{"taxonomy":"author","embeddable":true,"href":"https:\/\/www.westrockcoffee.com\/es\/wp-json\/wp\/v2\/ppma_author?post=4829"}],"curies":[{"name":"wp","href":"https:\/\/api.w.org\/{rel}","templated":true}]}}