{"id":4735,"date":"2023-05-12T20:38:42","date_gmt":"2023-05-13T01:38:42","guid":{"rendered":"https:\/\/westrockcoffee.wpenginepowered.com\/news\/informe-del-mercado-de-cafe-y-te-del-15-de-mayo-de-2023\/"},"modified":"2025-05-20T04:36:52","modified_gmt":"2025-05-20T09:36:52","slug":"informe-del-mercado-de-cafe-y-te-del-15-de-mayo-de-2023","status":"publish","type":"news","link":"https:\/\/www.westrockcoffee.com\/es\/news\/informe-del-mercado-de-cafe-y-te-del-15-de-mayo-de-2023\/","title":{"rendered":"INFORME DEL MERCADO DE CAF\u00c9 Y T\u00c9 DEL 15 DE MAYO DE 2023"},"content":{"rendered":"\n<figure class=\"wp-block-image\"><img decoding=\"async\" src=\"https:\/\/www.westrockcoffee.com\/wp-content\/uploads\/2024\/09\/WCC_Weekly_Coffee_Tea_Report-Header-16-9_2048x2048_413b644f-5f8e-4820-8600-0a991cd4b7e6_1024x1024.webp\" alt=\"\"\/><\/figure>\n\n<div><br\/><\/div>\n\n<h2 class=\"wp-block-heading\"><strong>Mercado del Caf\u00e9<\/strong><\/h2>\n\n<p>El mercado C cay\u00f3 al fondo del rango reciente, registrando su cierre m\u00e1s bajo en un mes. Los precios perdieron casi un 3% semana tras semana, ya que el mercado experiment\u00f3 una continua presi\u00f3n especulativa. Los largos continuaron liquidando frente a un panorama macroecon\u00f3mico d\u00e9bil. Sigui\u00f3 habiendo un inter\u00e9s de compra decente por parte de la industria a medida que los precios se acercaban a 180, lo que manten\u00eda al mercado en territorio familiar. Sigui\u00f3 habiendo poco inter\u00e9s por parte de los productores en el otro lado del mercado. Sigue habiendo pocas \u00abnovedades sobre el caf\u00e9\u00bb, por as\u00ed decirlo. Algo de rumor esta semana en torno a las expectativas de un fuerte patr\u00f3n clim\u00e1tico de El Ni\u00f1o que impactar\u00e1 los mercados hasta fin de a\u00f1o. Esto podr\u00eda llevar a un clima m\u00e1s seco\/caliente en las principales \u00e1reas de cultivo, pero obviamente eso est\u00e1 por verse (\u00a1pero es algo de qu\u00e9 hablar!). De lo contrario, m\u00e1s de lo mismo. Negocios f\u00edsicos espor\u00e1dicos con diferenciales ligeramente m\u00e1s firmes en la semana. Como se mencion\u00f3 anteriormente, el lado macroecon\u00f3mico ejerci\u00f3 presi\u00f3n sobre las materias primas en general. Los d\u00e9biles datos econ\u00f3micos de EE. UU. y las continuas preocupaciones globales sobre la inflaci\u00f3n vieron c\u00f3mo el d\u00f3lar se fortalec\u00eda y los grandes fondos adoptaban una postura de aversi\u00f3n al riesgo.           <\/p>\n\n<p>T\u00e9cnicamente, el mercado se inclina un poco negativamente a corto plazo, pero no con un sesgo particularmente fuerte, lo cual es muy indicativo de la acci\u00f3n de rango de las \u00faltimas semanas. Los precios contin\u00faan rondando cerca de un fuerte soporte t\u00e9cnico en los niveles de retroceso de Fibonacci; sin embargo, los patrones de gr\u00e1ficos a corto plazo sugieren que podr\u00eda haber un empuje hacia abajo hacia 180\/175. Dicho esto, los patrones a largo plazo a\u00fan ven potencial para que el mercado alcance precios hacia el nivel de 215\/220 en los pr\u00f3ximos meses. Seguir\u00eda viendo valor en precios por debajo de 170 para extender la cobertura, pero de lo contrario seguir\u00eda manteni\u00e9ndome al margen si es posible. Cualquier precio sostenido por debajo de ese nivel probablemente se mantendr\u00eda hasta principios del pr\u00f3ximo a\u00f1o si el equilibrio general entre oferta y demanda se desarrolla de acuerdo con las expectativas actuales.    <\/p>\n\n<h2 class=\"wp-block-heading\"><strong>Mercado del T\u00e9<\/strong><\/h2>\n\n<p>Una historia similar esta semana y las mejores calidades vieron una demanda decente, pero las calidades inferiores siguen viendo poco o ning\u00fan inter\u00e9s. Las existencias de estas calidades est\u00e1n aumentando, y esto podr\u00eda representar un serio obst\u00e1culo para los precios incluso cuando las temporadas lleguen a su fin en el hemisferio sur. La producci\u00f3n asi\u00e1tica ha aumentado con lluvias oportunas y la demanda ha sido buena en general. Sin embargo, la demanda africana no ha aumentado. Como se mencion\u00f3 la semana pasada, las miradas estar\u00e1n puestas en los problemas de divisas e importaciones de Egipto y Pakist\u00e1n, mientras el mercado observa nerviosamente el creciente exceso de inventarios.    <\/p>\n\n<p>Para obtener m\u00e1s informaci\u00f3n y an\u00e1lisis sobre los datos actuales del mercado de caf\u00e9 y t\u00e9, consulte el <a href=\"https:\/\/www.westrockcoffee.com\/wp-content\/uploads\/2024\/10\/Westrock_Coffee_Report-_Week_of_May_8_to_May_12_2023.pdf\">informe semanal<\/a> del equipo de productos b\u00e1sicos de Westrock Coffee.<\/p>\n","protected":false},"excerpt":{"rendered":"<p>Mercado del Caf\u00e9 El mercado C cay\u00f3 al fondo del rango reciente, registrando su cierre m\u00e1s bajo en un mes. Los precios perdieron casi un 3% semana tras semana, ya que el mercado experiment\u00f3 una continua presi\u00f3n especulativa. Los largos continuaron liquidando frente a un panorama macroecon\u00f3mico d\u00e9bil. Sigui\u00f3 habiendo un inter\u00e9s de compra decente [&hellip;]<\/p>\n","protected":false},"author":9,"featured_media":0,"template":"","meta":{"_acf_changed":false,"content-type":""},"categories":[147],"tags":[],"ppma_author":[45],"class_list":["post-4735","news","type-news","status-publish","hentry","category-informes-de-mercado"],"acf":[],"yoast_head":"<!-- This site is optimized with the Yoast SEO plugin v27.5 - https:\/\/yoast.com\/product\/yoast-seo-wordpress\/ -->\n<title>INFORME DEL MERCADO DE CAF\u00c9 Y T\u00c9 DEL 15 DE MAYO DE 2023 % | Westrock Coffee<\/title>\n<meta name=\"robots\" content=\"index, follow, max-snippet:-1, max-image-preview:large, max-video-preview:-1\" \/>\n<link rel=\"canonical\" href=\"https:\/\/www.westrockcoffee.com\/es\/news\/informe-del-mercado-de-cafe-y-te-del-15-de-mayo-de-2023\/\" \/>\n<meta property=\"og:locale\" content=\"es_ES\" \/>\n<meta property=\"og:type\" content=\"article\" \/>\n<meta property=\"og:title\" content=\"INFORME DEL MERCADO DE CAF\u00c9 Y T\u00c9 DEL 15 DE MAYO DE 2023 % | Westrock Coffee\" \/>\n<meta property=\"og:description\" content=\"Mercado del Caf\u00e9 El mercado C cay\u00f3 al fondo del rango reciente, registrando su cierre m\u00e1s bajo en un mes. Los precios perdieron casi un 3% semana tras semana, ya que el mercado experiment\u00f3 una continua presi\u00f3n especulativa. Los largos continuaron liquidando frente a un panorama macroecon\u00f3mico d\u00e9bil. Sigui\u00f3 habiendo un inter\u00e9s de compra decente [&hellip;]\" \/>\n<meta property=\"og:url\" content=\"https:\/\/www.westrockcoffee.com\/es\/news\/informe-del-mercado-de-cafe-y-te-del-15-de-mayo-de-2023\/\" \/>\n<meta property=\"og:site_name\" content=\"Westrock Coffee\" \/>\n<meta property=\"article:modified_time\" content=\"2025-05-20T09:36:52+00:00\" \/>\n<meta property=\"og:image\" content=\"https:\/\/www.westrockcoffee.com\/wp-content\/uploads\/2024\/09\/WCC_Weekly_Coffee_Tea_Report-Header-16-9_2048x2048_413b644f-5f8e-4820-8600-0a991cd4b7e6_1024x1024.webp\" \/>\n<meta name=\"twitter:card\" content=\"summary_large_image\" \/>\n<meta name=\"twitter:label1\" content=\"Est. reading time\" \/>\n\t<meta name=\"twitter:data1\" content=\"3 minutos\" \/>\n<script type=\"application\/ld+json\" class=\"yoast-schema-graph\">{\"@context\":\"https:\\\/\\\/schema.org\",\"@graph\":[{\"@type\":\"WebPage\",\"@id\":\"https:\\\/\\\/www.westrockcoffee.com\\\/es\\\/news\\\/informe-del-mercado-de-cafe-y-te-del-15-de-mayo-de-2023\\\/\",\"url\":\"https:\\\/\\\/www.westrockcoffee.com\\\/es\\\/news\\\/informe-del-mercado-de-cafe-y-te-del-15-de-mayo-de-2023\\\/\",\"name\":\"INFORME DEL MERCADO DE CAF\u00c9 Y T\u00c9 DEL 15 DE MAYO DE 2023 % | Westrock Coffee\",\"isPartOf\":{\"@id\":\"https:\\\/\\\/www.westrockcoffee.com\\\/es\\\/#website\"},\"primaryImageOfPage\":{\"@id\":\"https:\\\/\\\/www.westrockcoffee.com\\\/es\\\/news\\\/informe-del-mercado-de-cafe-y-te-del-15-de-mayo-de-2023\\\/#primaryimage\"},\"image\":{\"@id\":\"https:\\\/\\\/www.westrockcoffee.com\\\/es\\\/news\\\/informe-del-mercado-de-cafe-y-te-del-15-de-mayo-de-2023\\\/#primaryimage\"},\"thumbnailUrl\":\"https:\\\/\\\/www.westrockcoffee.com\\\/wp-content\\\/uploads\\\/2024\\\/09\\\/WCC_Weekly_Coffee_Tea_Report-Header-16-9_2048x2048_413b644f-5f8e-4820-8600-0a991cd4b7e6_1024x1024.webp\",\"datePublished\":\"2023-05-13T01:38:42+00:00\",\"dateModified\":\"2025-05-20T09:36:52+00:00\",\"breadcrumb\":{\"@id\":\"https:\\\/\\\/www.westrockcoffee.com\\\/es\\\/news\\\/informe-del-mercado-de-cafe-y-te-del-15-de-mayo-de-2023\\\/#breadcrumb\"},\"inLanguage\":\"es\",\"potentialAction\":[{\"@type\":\"ReadAction\",\"target\":[\"https:\\\/\\\/www.westrockcoffee.com\\\/es\\\/news\\\/informe-del-mercado-de-cafe-y-te-del-15-de-mayo-de-2023\\\/\"]}]},{\"@type\":\"ImageObject\",\"inLanguage\":\"es\",\"@id\":\"https:\\\/\\\/www.westrockcoffee.com\\\/es\\\/news\\\/informe-del-mercado-de-cafe-y-te-del-15-de-mayo-de-2023\\\/#primaryimage\",\"url\":\"https:\\\/\\\/www.westrockcoffee.com\\\/wp-content\\\/uploads\\\/2024\\\/09\\\/WCC_Weekly_Coffee_Tea_Report-Header-16-9_2048x2048_413b644f-5f8e-4820-8600-0a991cd4b7e6_1024x1024.webp\",\"contentUrl\":\"https:\\\/\\\/www.westrockcoffee.com\\\/wp-content\\\/uploads\\\/2024\\\/09\\\/WCC_Weekly_Coffee_Tea_Report-Header-16-9_2048x2048_413b644f-5f8e-4820-8600-0a991cd4b7e6_1024x1024.webp\"},{\"@type\":\"BreadcrumbList\",\"@id\":\"https:\\\/\\\/www.westrockcoffee.com\\\/es\\\/news\\\/informe-del-mercado-de-cafe-y-te-del-15-de-mayo-de-2023\\\/#breadcrumb\",\"itemListElement\":[{\"@type\":\"ListItem\",\"position\":1,\"name\":\"Inicio\",\"item\":\"https:\\\/\\\/www.westrockcoffee.com\\\/es\\\/\"},{\"@type\":\"ListItem\",\"position\":2,\"name\":\"INFORME DEL MERCADO DE CAF\u00c9 Y T\u00c9 DEL 15 DE MAYO DE 2023\"}]},{\"@type\":\"WebSite\",\"@id\":\"https:\\\/\\\/www.westrockcoffee.com\\\/es\\\/#website\",\"url\":\"https:\\\/\\\/www.westrockcoffee.com\\\/es\\\/\",\"name\":\"Westrock Coffee\",\"description\":\"\",\"potentialAction\":[{\"@type\":\"SearchAction\",\"target\":{\"@type\":\"EntryPoint\",\"urlTemplate\":\"https:\\\/\\\/www.westrockcoffee.com\\\/es\\\/?s={search_term_string}\"},\"query-input\":{\"@type\":\"PropertyValueSpecification\",\"valueRequired\":true,\"valueName\":\"search_term_string\"}}],\"inLanguage\":\"es\"}]}<\/script>\n<!-- \/ Yoast SEO plugin. -->","yoast_head_json":{"title":"INFORME DEL MERCADO DE CAF\u00c9 Y T\u00c9 DEL 15 DE MAYO DE 2023 % | Westrock Coffee","robots":{"index":"index","follow":"follow","max-snippet":"max-snippet:-1","max-image-preview":"max-image-preview:large","max-video-preview":"max-video-preview:-1"},"canonical":"https:\/\/www.westrockcoffee.com\/es\/news\/informe-del-mercado-de-cafe-y-te-del-15-de-mayo-de-2023\/","og_locale":"es_ES","og_type":"article","og_title":"INFORME DEL MERCADO DE CAF\u00c9 Y T\u00c9 DEL 15 DE MAYO DE 2023 % | Westrock Coffee","og_description":"Mercado del Caf\u00e9 El mercado C cay\u00f3 al fondo del rango reciente, registrando su cierre m\u00e1s bajo en un mes. Los precios perdieron casi un 3% semana tras semana, ya que el mercado experiment\u00f3 una continua presi\u00f3n especulativa. Los largos continuaron liquidando frente a un panorama macroecon\u00f3mico d\u00e9bil. Sigui\u00f3 habiendo un inter\u00e9s de compra decente [&hellip;]","og_url":"https:\/\/www.westrockcoffee.com\/es\/news\/informe-del-mercado-de-cafe-y-te-del-15-de-mayo-de-2023\/","og_site_name":"Westrock Coffee","article_modified_time":"2025-05-20T09:36:52+00:00","og_image":[{"url":"https:\/\/www.westrockcoffee.com\/wp-content\/uploads\/2024\/09\/WCC_Weekly_Coffee_Tea_Report-Header-16-9_2048x2048_413b644f-5f8e-4820-8600-0a991cd4b7e6_1024x1024.webp","type":"","width":"","height":""}],"twitter_card":"summary_large_image","twitter_misc":{"Est. reading time":"3 minutos"},"schema":{"@context":"https:\/\/schema.org","@graph":[{"@type":"WebPage","@id":"https:\/\/www.westrockcoffee.com\/es\/news\/informe-del-mercado-de-cafe-y-te-del-15-de-mayo-de-2023\/","url":"https:\/\/www.westrockcoffee.com\/es\/news\/informe-del-mercado-de-cafe-y-te-del-15-de-mayo-de-2023\/","name":"INFORME DEL MERCADO DE CAF\u00c9 Y T\u00c9 DEL 15 DE MAYO DE 2023 % | Westrock Coffee","isPartOf":{"@id":"https:\/\/www.westrockcoffee.com\/es\/#website"},"primaryImageOfPage":{"@id":"https:\/\/www.westrockcoffee.com\/es\/news\/informe-del-mercado-de-cafe-y-te-del-15-de-mayo-de-2023\/#primaryimage"},"image":{"@id":"https:\/\/www.westrockcoffee.com\/es\/news\/informe-del-mercado-de-cafe-y-te-del-15-de-mayo-de-2023\/#primaryimage"},"thumbnailUrl":"https:\/\/www.westrockcoffee.com\/wp-content\/uploads\/2024\/09\/WCC_Weekly_Coffee_Tea_Report-Header-16-9_2048x2048_413b644f-5f8e-4820-8600-0a991cd4b7e6_1024x1024.webp","datePublished":"2023-05-13T01:38:42+00:00","dateModified":"2025-05-20T09:36:52+00:00","breadcrumb":{"@id":"https:\/\/www.westrockcoffee.com\/es\/news\/informe-del-mercado-de-cafe-y-te-del-15-de-mayo-de-2023\/#breadcrumb"},"inLanguage":"es","potentialAction":[{"@type":"ReadAction","target":["https:\/\/www.westrockcoffee.com\/es\/news\/informe-del-mercado-de-cafe-y-te-del-15-de-mayo-de-2023\/"]}]},{"@type":"ImageObject","inLanguage":"es","@id":"https:\/\/www.westrockcoffee.com\/es\/news\/informe-del-mercado-de-cafe-y-te-del-15-de-mayo-de-2023\/#primaryimage","url":"https:\/\/www.westrockcoffee.com\/wp-content\/uploads\/2024\/09\/WCC_Weekly_Coffee_Tea_Report-Header-16-9_2048x2048_413b644f-5f8e-4820-8600-0a991cd4b7e6_1024x1024.webp","contentUrl":"https:\/\/www.westrockcoffee.com\/wp-content\/uploads\/2024\/09\/WCC_Weekly_Coffee_Tea_Report-Header-16-9_2048x2048_413b644f-5f8e-4820-8600-0a991cd4b7e6_1024x1024.webp"},{"@type":"BreadcrumbList","@id":"https:\/\/www.westrockcoffee.com\/es\/news\/informe-del-mercado-de-cafe-y-te-del-15-de-mayo-de-2023\/#breadcrumb","itemListElement":[{"@type":"ListItem","position":1,"name":"Inicio","item":"https:\/\/www.westrockcoffee.com\/es\/"},{"@type":"ListItem","position":2,"name":"INFORME DEL MERCADO DE CAF\u00c9 Y T\u00c9 DEL 15 DE MAYO DE 2023"}]},{"@type":"WebSite","@id":"https:\/\/www.westrockcoffee.com\/es\/#website","url":"https:\/\/www.westrockcoffee.com\/es\/","name":"Westrock Coffee","description":"","potentialAction":[{"@type":"SearchAction","target":{"@type":"EntryPoint","urlTemplate":"https:\/\/www.westrockcoffee.com\/es\/?s={search_term_string}"},"query-input":{"@type":"PropertyValueSpecification","valueRequired":true,"valueName":"search_term_string"}}],"inLanguage":"es"}]}},"_links":{"self":[{"href":"https:\/\/www.westrockcoffee.com\/es\/wp-json\/wp\/v2\/news\/4735","targetHints":{"allow":["GET"]}}],"collection":[{"href":"https:\/\/www.westrockcoffee.com\/es\/wp-json\/wp\/v2\/news"}],"about":[{"href":"https:\/\/www.westrockcoffee.com\/es\/wp-json\/wp\/v2\/types\/news"}],"author":[{"embeddable":true,"href":"https:\/\/www.westrockcoffee.com\/es\/wp-json\/wp\/v2\/users\/9"}],"wp:attachment":[{"href":"https:\/\/www.westrockcoffee.com\/es\/wp-json\/wp\/v2\/media?parent=4735"}],"wp:term":[{"taxonomy":"category","embeddable":true,"href":"https:\/\/www.westrockcoffee.com\/es\/wp-json\/wp\/v2\/categories?post=4735"},{"taxonomy":"post_tag","embeddable":true,"href":"https:\/\/www.westrockcoffee.com\/es\/wp-json\/wp\/v2\/tags?post=4735"},{"taxonomy":"author","embeddable":true,"href":"https:\/\/www.westrockcoffee.com\/es\/wp-json\/wp\/v2\/ppma_author?post=4735"}],"curies":[{"name":"wp","href":"https:\/\/api.w.org\/{rel}","templated":true}]}}